{"id":47298,"date":"2025-07-03T17:51:00","date_gmt":"2025-07-03T15:51:00","guid":{"rendered":"https:\/\/www.mladibl.com\/?p=47298"},"modified":"2025-07-03T17:51:07","modified_gmt":"2025-07-03T15:51:07","slug":"kozara-etno-festival-program-najavljen-za-subotu-bice-odrzan-u-nedjelju","status":"publish","type":"post","link":"https:\/\/www.mladibl.com\/?p=47298","title":{"rendered":"\u201eKozara etno festival\u201c: Program najavljen za subotu bi\u0107e odr\u017ean u nedjelju"},"content":{"rendered":"\n<hr class=\"wp-block-separator has-alpha-channel-opacity\"\/>\n\n\n\n<p>Zbog najave da \u0107e biti progla\u0161en Dana \u017ealosti u Republici Srpskoj 5. jula, organizatori Festivala \u201eKozara etno 2025\u201c saop\u0161tili su da \u0107e program najavljen za drugi dan Festivala 5. jula biti odr\u017ean 6. jula.<\/p>\n\n\n\n<p>Ova odluka, kako su naveli \u2013 donesena je u saradnji \u201eKozara etno festivala\u201c i Festivala srpskog folklora.<\/p>\n\n\n\n<p>Novi raspored programa za nedjelju, 6. jul pogledajte <strong><a href=\"https:\/\/www.banjaluka.rs.ba\/wp-content\/uploads\/2025\/07\/novi-program-ya-subotu.jpg\" target=\"_blank\" rel=\"noreferrer noopener\">OVDJE<\/a><\/strong>.<\/p>\n\n\n\n<p>Preuzeto sa: <a href=\"https:\/\/www.banjaluka.rs.ba\/kozara-etno-festival-program-najavlj\/\" target=\"_blank\" rel=\"noreferrer noopener\">banjaluka.rs.ba<\/a><\/p>\n","protected":false},"excerpt":{"rendered":"<p>Zbog najave da \u0107e biti progla\u0161en Dana \u017ealosti u Republici Srpskoj 5. jula, organizatori Festivala \u201eKozara etno 2025\u201c saop\u0161tili su<\/p>\n","protected":false},"author":1,"featured_media":47288,"comment_status":"closed","ping_status":"open","sticky":false,"template":"","format":"standard","meta":{"om_disable_all_campaigns":false,"_monsterinsights_skip_tracking":false,"_monsterinsights_sitenote_active":false,"_monsterinsights_sitenote_note":"","_monsterinsights_sitenote_category":0,"footnotes":""},"categories":[2],"tags":[707,11501],"class_list":["post-47298","post","type-post","status-publish","format-standard","has-post-thumbnail","hentry","category-vijesti","tag-festival","tag-kozara-etno"],"jetpack_featured_media_url":"https:\/\/www.mladibl.com\/wp-content\/uploads\/2025\/07\/\u201eKozara-etno-festival_-Program-najavljen-za-subotu-bice-odrzan-u-nedjelju.jpg","amp_enabled":true,"_links":{"self":[{"href":"https:\/\/www.mladibl.com\/index.php?rest_route=\/wp\/v2\/posts\/47298","targetHints":{"allow":["GET"]}}],"collection":[{"href":"https:\/\/www.mladibl.com\/index.php?rest_route=\/wp\/v2\/posts"}],"about":[{"href":"https:\/\/www.mladibl.com\/index.php?rest_route=\/wp\/v2\/types\/post"}],"author":[{"embeddable":true,"href":"https:\/\/www.mladibl.com\/index.php?rest_route=\/wp\/v2\/users\/1"}],"replies":[{"embeddable":true,"href":"https:\/\/www.mladibl.com\/index.php?rest_route=%2Fwp%2Fv2%2Fcomments&post=47298"}],"version-history":[{"count":1,"href":"https:\/\/www.mladibl.com\/index.php?rest_route=\/wp\/v2\/posts\/47298\/revisions"}],"predecessor-version":[{"id":47299,"href":"https:\/\/www.mladibl.com\/index.php?rest_route=\/wp\/v2\/posts\/47298\/revisions\/47299"}],"wp:featuredmedia":[{"embeddable":true,"href":"https:\/\/www.mladibl.com\/index.php?rest_route=\/wp\/v2\/media\/47288"}],"wp:attachment":[{"href":"https:\/\/www.mladibl.com\/index.php?rest_route=%2Fwp%2Fv2%2Fmedia&parent=47298"}],"wp:term":[{"taxonomy":"category","embeddable":true,"href":"https:\/\/www.mladibl.com\/index.php?rest_route=%2Fwp%2Fv2%2Fcategories&post=47298"},{"taxonomy":"post_tag","embeddable":true,"href":"https:\/\/www.mladibl.com\/index.php?rest_route=%2Fwp%2Fv2%2Ftags&post=47298"}],"curies":[{"name":"wp","href":"https:\/\/api.w.org\/{rel}","templated":true}]}}