{"id":47270,"date":"2025-07-01T09:07:46","date_gmt":"2025-07-01T07:07:46","guid":{"rendered":"https:\/\/www.mladibl.com\/?p=47270"},"modified":"2025-07-01T09:07:51","modified_gmt":"2025-07-01T07:07:51","slug":"mirovna-nagrada-goran-bubalo-2025-javni-poziv-za-nominacije","status":"publish","type":"post","link":"https:\/\/www.mladibl.com\/?p=47270","title":{"rendered":"Mirovna nagrada \u201eGoran Bubalo\u201c 2025. &#8211; Javni poziv za nominacije"},"content":{"rendered":"\n<p>Dodjelom godi\u0161nje Mirovne nagrade \u201eGoran Bubalo\u201c, Mre\u017ea za izgradnju mira (Mre\u017ea) prepoznaje izuzetne napore pojedinaca_ki i obrazovnih institucija koji_e te\u017ee obnovi mira, o\u010duvanju i promociji pravde i ljudskih prava u Bosni i Hercegovini. Ovogodi\u0161nja, trinaesta nagrada, dodijelit \u0107e se 21. septembra\/rujna 2025. godine, na Me\u0111unarodni dan mira.<\/p>\n\n\n\n<p>Pozivamo sve pojedince i organizacije da nominiraju kandidate i kandidatkinje kao i obrazovne institucije koji ispunjavaju dolje navedene kriterije do 1. septembra\/rujna 2025. godine.<\/p>\n\n\n\n<p><strong>Kriteriji za nominaciju<\/strong><\/p>\n\n\n\n<p>Prilikom odabira dobitnika_ca Mirovne nagrade uzimaju se <a>u obzir postignu\u0107a nominiranih u godini prije primanja nagrade, kao i njihov stalni doprinos unaprje\u0111enju ljudskih prava, o\u010duvanja i izgradnje mira u BiH.<\/a><\/p>\n\n\n\n<p>Kandidat_kinja mo\u017ee biti pravnik_ca, spisatelj_ica, aktivista_ica civilnog dru\u0161tva, edukator_ica, novinar_ka, ili osoba bilo kojeg drugog profesionalnog usmjerenja.<\/p>\n\n\n\n<p>Broj nominacija primljenih po nominiranom pojedincu_ki ili obrazovnoj instituciji nema te\u017einu u procesu ocjenjivanja, dovoljna je i jedna nominacija da bi osoba ili \u0161kola bila uzeta u razmatranje.<\/p>\n\n\n\n<p><strong>Kriterij prihvatljivosti<\/strong><\/p>\n\n\n\n<ul class=\"wp-block-list\">\n<li>Kandidati_kinje moraju biti zakoniti stanovnici_ke Bosne i Hercegovine (za pojedince_ke)<\/li>\n\n\n\n<li>Obrazovna institucija mora biti pravno registrovana kao obrazovna ustanova u Bosni i Hercegovini (za obrazovne institucije)<\/li>\n\n\n\n<li>Kandidate_kinje mogu nominirati drugi pojedinci_kinje ili bilo koji pravni subjekt<\/li>\n\n\n\n<li>Kandidati_kinje NE mogu sami sebe nominirati<\/li>\n\n\n\n<li>Neuspje\u0161ne nominacije iz ranijih godina mogu se ponovno nominirati u svakom ciklusu nakon ciklusa od jedne godine<\/li>\n<\/ul>\n\n\n\n<p><strong>Kriteriji selekcije<\/strong><\/p>\n\n\n\n<p>Komisija za odabir dobitnika_ca Mirovne nagrade razmotriti \u0107e sljede\u0107e kriterije prilikom ocjenjivanja i usporedbe nominacija s gore navedenim pojedinostima (odnosi se na oblast izgradnje mira, pravde i ljudskih prava):<\/p>\n\n\n\n<ul class=\"wp-block-list\">\n<li>Pridonosi li kandidat_kinja\/obrazovna institucija svojim djelovanjem unaprje\u0111enju mira, za\u0161titi gra\u0111anskih sloboda i za\u0161titi ljudskih prava u BiH?<\/li>\n\n\n\n<li>Pridonosi li kandidat_kinja\/ obrazovna institucija uklanjanju\u00a0 dru\u0161tvene nepravde, kao i diskriminatornih stavova i praksi u bh. dru\u0161tvu?<\/li>\n\n\n\n<li>Reaguje li kandidat_kinja\/ obrazovna institucija na dru\u0161tvene nepravde, kao i diskriminatornih stavova i praksi u bh. dru\u0161tvu?<\/li>\n\n\n\n<li>Pridonosi li kandidat_kinja\/ obrazovna institucija razvoju boljeg mehanizma pra\u0107enja i izvje\u0161\u0107ivanja o kr\u0161enju ljudskih prava\/obrazovanju za mir, toleranciju i ljudska prava?<\/li>\n\n\n\n<li>Da li dostavljena prijava daje konkretne primjere doprinosa nominovanog kandidata_kinje\/ obrazovna institucija procesu izgradnje mira, zalaganju za ljudska prava i gra\u0111anski aktivizam?<\/li>\n\n\n\n<li>Je li nominirani_a (osoba ili obrazovna institucija) bio lider_ka u radu na izgradnji mira, za\u0161titi ljudskih prava i gra\u0111anskom aktivizmu u svojoj lokalnoj zajednici?<\/li>\n\n\n\n<li>Je li kandidat_kinja\/ obrazovna institucija svojim djelovanjem podigao_la svijest zajednice o ovim pitanjima?<\/li>\n\n\n\n<li>Je li kandidat_kinja\/ obrazovna institucija uspio_la mobilizirati mre\u017eu podr\u0161ke u zajednici za izgradnju mira, promociju i za\u0161titiu ljudskih prava i gra\u0111anski aktivizam? Kakav je bio rezultat doprinosa u izgradnji mira, promociji i za\u0161titi ljudskih porava nominiranog_e u svojoj lokalnoj zajednici, ali i u cijeloj BiH?<\/li>\n\n\n\n<li>Koliko je rezultat bio u\u010dinkovit i koristan za gra\u0111ane_ke i samu loklanu zajednicu i BiH?<\/li>\n\n\n\n<li>Koli\u010dina vremena i resursa koje je kandidat_kinja\/ obrazovna institucija potro\u0161io_la na obavljanje svog rada odnosno aktivnosti?<\/li>\n\n\n\n<li>U kojoj mjeri pristup kori\u0161ten u radu kandidata_kinje\/ obrazovna institucija odgovara potrebama i pravima ljudi, pogotovo ranjivih grupa (da li je nominirani_a koristio_la i zagovaralo_la kori\u0161tenje rodno i socijalno osjetljivog pristupa u svom radu)?<\/li>\n\n\n\n<li>Je li kandidat_kinja\/ obrazovna institucija prevladao _la neke prepreke kako bi postigao_la svoj ishod?<\/li>\n\n\n\n<li>Rizik ili negativne posljedice s kojima se imenovani_a susre\u0107e ili se susretao_la tokom svog rada, a upravo zbog svog rada?<\/li>\n<\/ul>\n\n\n\n<p>NAPOMENA: Prilo\u017eene materijale mo\u017eete poslati u sklopu email-a, dodavaju\u0107i link na Google drive folder koji sadr\u017ei potremne materijale. Tako\u0111e, mogu\u0107i su i drugi online na\u010dini skladi\u0161tenja podataka, samo da su otvoreni ka ostalim korisnicima.<\/p>\n\n\n\n<p><strong>Proces dostavljanja nominacija<\/strong><\/p>\n\n\n\n<p>Pored osnovnih podataka o predlo\u017eenoj nominaciji i osobi koja nominira, potrebno je dostaviti sljede\u0107e:<\/p>\n\n\n\n<ul class=\"wp-block-list\">\n<li>CV odnosno biografiju osobe koja se predla\u017ee za nagradu, a u slu\u010daju obrazovne institucije potrebno je dostaviti profil institucije koji sadr\u017ei informacije o historiji osnivanja institucije, oblasti djelovanja, broju korisnika i programa koje provodi;<\/li>\n\n\n\n<li>CV odnosno biografiju osobe koje dostavlja nominaciju;<\/li>\n\n\n\n<li>Obrazlo\u017eenje nominacije koje direktno adresira sve kriterije navedene u ovom pozivu (kriterije za nominaciju i kriterije prihvatljivosti) i dodatno odgovara na pitanja iz dijela Kriteriji selekcije (maksimalno 1000 rije\u010di);<\/li>\n\n\n\n<li>Materijale koji evidentiraju navedene informacije iz Obrazlo\u017eenja nominacije (najvi\u0161e 15 materijala a to mogu biti publikacije, novinski \u010dlanci, fotografije, priznanja, video i audio materijali iz kojih se mogu dobiti korisne informacije o rezultatima rada nominiranog\/e odnosno djelovanja institucije a u pogledu kriterija koji su navedeni u ovom pozivu.<\/li>\n<\/ul>\n\n\n\n<p>Rok za dostavljanje nominacija: <strong>1. septembra\/rujna 2025. godine.<\/strong><\/p>\n\n\n\n<p>Va\u0161e upite u vezi ovog Javnog poziva mo\u017eete uputiti na email <a href=\"mailto:info@mreza-mira.net\">info@mreza-mira.net<\/a><\/p>\n\n\n\n<p><strong>Proces selekcije<\/strong><\/p>\n\n\n\n<p>Nakon zaklju\u010denja roka za nominacije svi prikupljeni materijali \u0107e se dostaviti Komisiji za odabir dobitnika Mirovne nagrade \u201eGoran Bubalo\u201c za 2025. godinu. Komisija \u0107e na osnovu pregleda materijala i pore\u0111enja sa kriterijima u ovom pozivu pripremiti svoju odluku o dobitnicima.<\/p>\n\n\n\n<p>Preuzeto sa: <a href=\"https:\/\/www.mreza-mira.net\/vijesti\/aktivnosti-mreze\/mirovna-nagrada-goran-bubalo-2025-javni-poziv-za-nominacije\/\" target=\"_blank\" rel=\"noreferrer noopener\">mreza-mira.net<\/a><\/p>\n","protected":false},"excerpt":{"rendered":"<p>Dodjelom godi\u0161nje Mirovne nagrade \u201eGoran Bubalo\u201c, Mre\u017ea za izgradnju mira (Mre\u017ea) prepoznaje izuzetne napore pojedinaca_ki i obrazovnih institucija koji_e te\u017ee<\/p>\n","protected":false},"author":1,"featured_media":47264,"comment_status":"closed","ping_status":"open","sticky":false,"template":"","format":"standard","meta":{"om_disable_all_campaigns":false,"_monsterinsights_skip_tracking":false,"_monsterinsights_sitenote_active":false,"_monsterinsights_sitenote_note":"","_monsterinsights_sitenote_category":0,"footnotes":""},"categories":[370],"tags":[9639,218,9638,1469],"class_list":["post-47270","post","type-post","status-publish","format-standard","has-post-thumbnail","hentry","category-ostalo","tag-goran-bubalo","tag-javni-poziv","tag-mirovna-nagrada","tag-nominacije"],"jetpack_featured_media_url":"https:\/\/www.mladibl.com\/wp-content\/uploads\/2025\/07\/MIROVNA-NAGRADA-\u201eGORAN-BUBALO-2025.-JAVNI-POZIV-ZA-NOMINACIJE.jpg","amp_enabled":true,"_links":{"self":[{"href":"https:\/\/www.mladibl.com\/index.php?rest_route=\/wp\/v2\/posts\/47270","targetHints":{"allow":["GET"]}}],"collection":[{"href":"https:\/\/www.mladibl.com\/index.php?rest_route=\/wp\/v2\/posts"}],"about":[{"href":"https:\/\/www.mladibl.com\/index.php?rest_route=\/wp\/v2\/types\/post"}],"author":[{"embeddable":true,"href":"https:\/\/www.mladibl.com\/index.php?rest_route=\/wp\/v2\/users\/1"}],"replies":[{"embeddable":true,"href":"https:\/\/www.mladibl.com\/index.php?rest_route=%2Fwp%2Fv2%2Fcomments&post=47270"}],"version-history":[{"count":1,"href":"https:\/\/www.mladibl.com\/index.php?rest_route=\/wp\/v2\/posts\/47270\/revisions"}],"predecessor-version":[{"id":47271,"href":"https:\/\/www.mladibl.com\/index.php?rest_route=\/wp\/v2\/posts\/47270\/revisions\/47271"}],"wp:featuredmedia":[{"embeddable":true,"href":"https:\/\/www.mladibl.com\/index.php?rest_route=\/wp\/v2\/media\/47264"}],"wp:attachment":[{"href":"https:\/\/www.mladibl.com\/index.php?rest_route=%2Fwp%2Fv2%2Fmedia&parent=47270"}],"wp:term":[{"taxonomy":"category","embeddable":true,"href":"https:\/\/www.mladibl.com\/index.php?rest_route=%2Fwp%2Fv2%2Fcategories&post=47270"},{"taxonomy":"post_tag","embeddable":true,"href":"https:\/\/www.mladibl.com\/index.php?rest_route=%2Fwp%2Fv2%2Ftags&post=47270"}],"curies":[{"name":"wp","href":"https:\/\/api.w.org\/{rel}","templated":true}]}}