{"id":47232,"date":"2025-06-29T22:54:52","date_gmt":"2025-06-29T20:54:52","guid":{"rendered":"https:\/\/www.mladibl.com\/?p=47232"},"modified":"2025-06-29T22:54:59","modified_gmt":"2025-06-29T20:54:59","slug":"poziv-na-webinar-predstavljamo-vodic-i-set-alata-za-zastitu-ljudskih-prava-u-poslovanju","status":"publish","type":"post","link":"https:\/\/www.mladibl.com\/?p=47232","title":{"rendered":"Poziv na webinar: Predstavljamo Vodi\u010d i set alata za za\u0161titu ljudskih prava u poslovanju"},"content":{"rendered":"\n<p>Institut za razvoj mladih KULT uz finansijsku podr\u0161ku Evropske unije u BiH, kreirao je dokument<strong> Vodi\u010d i set alata za za\u0161titu ljudskih prava u poslovanju.<\/strong><\/p>\n\n\n\n<p>Dokument \u0107e biti dodatna podr\u0161ka u prepoznavanju, za\u0161titi i unapre\u0111enju ljudskih prava u poslovnom okru\u017eenju, a namijenjen je svim kompanijama, institucijama i organizacijama koje \u017eele djelovati odgovorno i pobolj\u0161ati interne mehanizme za za\u0161titu ljudskih prava u poslovanju.<\/p>\n\n\n\n<p><strong>Gdje i kada prezentiramo Vodi\u010d?<\/strong><\/p>\n\n\n\n<p>Vodi\u010d je trenutno u zavr\u0161noj fazi izrade, a va\u0161 uvid i komentari su nam izuzetno va\u017eni!<\/p>\n\n\n\n<p>\u017delimo da kona\u010dna verzija dokumenta bude \u0161to primjenjivija u praksi i prilago\u0111ena stvarnim potrebama kompanija u Bosni i Hercegovini. Va\u0161e sugestije, doprinijet \u0107e izradi konkretnog, razumljivog i primjenjivog sadr\u017eaja u svakodnevnom poslovanju, te sadr\u017eaja koji uva\u017eava specifi\u010dne izazove s kojima se kompanije u BiH susre\u0107u.<\/p>\n\n\n\n<p>Predstavljanje Vodi\u010da i alata bi\u0107e organizirano kroz <strong>webinar<\/strong>, koji \u0107e se odr\u017eati <strong>3. jula 2025. godine od 10:00 do 11:30 sati<\/strong> putem Zoom-a.<\/p>\n\n\n\n<p>Prijavu mo\u017eete izvr\u0161iti <a href=\"https:\/\/app.smartsheet.com\/b\/form\/0cb7810bdd7d4f568f103f18b9e3ecde\" target=\"_blank\" rel=\"noreferrer noopener\">OVDJE<\/a>, najkasnije <strong>do 3. jula u 9:00 sati<\/strong>, nakon \u010dega \u0107ete dobiti pozivnicu za pristup Zoom sastanku.<\/p>\n\n\n\n<p>Cilj ovog webinara je da kroz konkretne primjere i prakti\u010dne alate pribli\u017eimo koncept za\u0161tite ljudskih prava u poslovnom okru\u017eenju, te ponudimo mehanizme koji mogu pomo\u0107i kompanijama da usklade svoje djelovanje sa savremenim standardima dru\u0161tveno odgovornog poslovanja.<\/p>\n\n\n\n<p><strong>U\u010de\u0161\u0107e je besplatno<\/strong>, a iz jedne kompanije se mo\u017ee prijaviti vi\u0161e osoba.<\/p>\n\n\n\n<p>Va\u0161i komentari i sugestije na Vodi\u010d i alate od izuzetne su va\u017enosti za njegovo finaliziranje i primjenu dokumenta u praksi.<\/p>\n\n\n\n<p>Pridru\u017eite nam se u zajedni\u010dkom djelovanju za pobolj\u0161anje ljudskih prava u poslovanju!<\/p>\n\n\n\n<p>Projekat <strong>\u201ePobolj\u0161anje korporativne odgovornosti za ljudska prava u BiH \u201c <\/strong>provodi Institut za razvoj mladih KULT uz finansijsku podr\u0161ku Evropske unije, a u partnerstvu sa Sindikatom radnika trgovine i uslu\u017enih djelatnosti i Udru\u017eenjem \u201cDajte nam \u0161ansu\u201d.<\/p>\n\n\n\n<p>Vi\u0161e informacija i prijave na: <a href=\"https:\/\/mladi.org\/webinar\/\" target=\"_blank\" rel=\"noreferrer noopener\">https:\/\/mladi.org\/webinar\/<\/a><\/p>\n","protected":false},"excerpt":{"rendered":"<p>Institut za razvoj mladih KULT uz finansijsku podr\u0161ku Evropske unije u BiH, kreirao je dokument Vodi\u010d i set alata za<\/p>\n","protected":false},"author":1,"featured_media":47226,"comment_status":"closed","ping_status":"open","sticky":false,"template":"","format":"standard","meta":{"om_disable_all_campaigns":false,"_monsterinsights_skip_tracking":false,"_monsterinsights_sitenote_active":false,"_monsterinsights_sitenote_note":"","_monsterinsights_sitenote_category":0,"footnotes":""},"categories":[6],"tags":[158,190,14328,494,1311],"class_list":["post-47232","post","type-post","status-publish","format-standard","has-post-thumbnail","hentry","category-dogadjaji","tag-ljudska-prava","tag-poslovanje","tag-set-alata","tag-webinar","tag-zastita"],"jetpack_featured_media_url":"https:\/\/www.mladibl.com\/wp-content\/uploads\/2025\/06\/Poziv-na-webinar_-Predstavljamo-Vodic-i-set-alata-za-zastitu-ljudskih-prava-u-poslovanju.jpg","amp_enabled":true,"_links":{"self":[{"href":"https:\/\/www.mladibl.com\/index.php?rest_route=\/wp\/v2\/posts\/47232","targetHints":{"allow":["GET"]}}],"collection":[{"href":"https:\/\/www.mladibl.com\/index.php?rest_route=\/wp\/v2\/posts"}],"about":[{"href":"https:\/\/www.mladibl.com\/index.php?rest_route=\/wp\/v2\/types\/post"}],"author":[{"embeddable":true,"href":"https:\/\/www.mladibl.com\/index.php?rest_route=\/wp\/v2\/users\/1"}],"replies":[{"embeddable":true,"href":"https:\/\/www.mladibl.com\/index.php?rest_route=%2Fwp%2Fv2%2Fcomments&post=47232"}],"version-history":[{"count":1,"href":"https:\/\/www.mladibl.com\/index.php?rest_route=\/wp\/v2\/posts\/47232\/revisions"}],"predecessor-version":[{"id":47233,"href":"https:\/\/www.mladibl.com\/index.php?rest_route=\/wp\/v2\/posts\/47232\/revisions\/47233"}],"wp:featuredmedia":[{"embeddable":true,"href":"https:\/\/www.mladibl.com\/index.php?rest_route=\/wp\/v2\/media\/47226"}],"wp:attachment":[{"href":"https:\/\/www.mladibl.com\/index.php?rest_route=%2Fwp%2Fv2%2Fmedia&parent=47232"}],"wp:term":[{"taxonomy":"category","embeddable":true,"href":"https:\/\/www.mladibl.com\/index.php?rest_route=%2Fwp%2Fv2%2Fcategories&post=47232"},{"taxonomy":"post_tag","embeddable":true,"href":"https:\/\/www.mladibl.com\/index.php?rest_route=%2Fwp%2Fv2%2Ftags&post=47232"}],"curies":[{"name":"wp","href":"https:\/\/api.w.org\/{rel}","templated":true}]}}