{"id":47230,"date":"2025-06-29T22:53:13","date_gmt":"2025-06-29T20:53:13","guid":{"rendered":"https:\/\/www.mladibl.com\/?p=47230"},"modified":"2025-06-29T22:53:20","modified_gmt":"2025-06-29T20:53:20","slug":"u-organizaciji-anip-veselin-maslesa-deseti-po-redu-festival-srpskog-folklora-4-i-5-jula","status":"publish","type":"post","link":"https:\/\/www.mladibl.com\/?p=47230","title":{"rendered":"U organizaciji ANIP \u201eVeselin Masle\u0161a\u201c: Deseti po redu Festival srpskog folklora 4. i 5. jula"},"content":{"rendered":"\n<hr class=\"wp-block-separator has-alpha-channel-opacity\"\/>\n\n\n\n<p>U organizaciji ANIP \u201eVeselin Masle\u0161a\u201c 4. i 5. jula bi\u0107e odr\u017ean deseti po redu Festival srpskog folklora.<\/p>\n\n\n\n<p>Tako \u0107e prvi dan festivala, u petak 4. jula biti odr\u017ean koncert pjeva\u010dkih grupa \u201ePjevaj mi pjevaj sokole\u201c, u sklopu kojeg \u0107e nastupiti \u017eenska pjeva\u010dka Smjera za etnomuzikologiju Akademije umjetnosti u Banjoj Luci, te mu\u0161ka i pjeva\u010dka grupa ANIP-a \u201eVeselin Masle\u0161a\u201c.<\/p>\n\n\n\n<p>Nastupi \u0107e biti odr\u017eani u amfiteatru Doma omladine od 18.00 \u010dasova.<\/p>\n\n\n\n<p>Drugog festivalskog dana, u subotu 5. jula bi\u0107e odr\u017eani koncerti izvo\u0111a\u010dkih ansabla, te \u0107e nastupiti: CTKU \u201eKosta Abra\u0161evi\u0107\u201c Ba\u010dka Palanka, KUD \u201eBrdo\u201c Kranj, KUD \u201eKolovit\u201c Gradi\u0161ka, te doma\u0107in \u2013 ANIP \u201eVeselin Masle\u0161a\u201c.<\/p>\n\n\n\n<p>Ovi koncerti bi\u017ee odr\u017eani u parki\u0107u ispred Hrama Hrista Spasitelja sa po\u010detkom od 21.00 \u010das.<\/p>\n\n\n\n<p>-U \u010dast jubileja, program posve\u0107ujemo na\u0161im gra\u0111anima besplatno \u2013 navedeno je u saop\u0161tenju organizatora .<\/p>\n\n\n\n<figure class=\"wp-block-image size-full\"><img loading=\"lazy\" decoding=\"async\" width=\"800\" height=\"1000\" src=\"http:\/\/www.mladibl.com\/wp-content\/uploads\/2025\/06\/U-organizaciji-ANIP-\u201eVeselin-Maslesa_-Deseti-po-redu-Festival-srpskog-folklora-4.-i-5.-jula.jpg\" alt=\"U organizaciji ANIP \u201eVeselin Masle\u0161a\u201c: Deseti po redu Festival srpskog folklora 4. i 5. jula\" class=\"wp-image-47227\" srcset=\"https:\/\/www.mladibl.com\/wp-content\/uploads\/2025\/06\/U-organizaciji-ANIP-\u201eVeselin-Maslesa_-Deseti-po-redu-Festival-srpskog-folklora-4.-i-5.-jula.jpg 800w, https:\/\/www.mladibl.com\/wp-content\/uploads\/2025\/06\/U-organizaciji-ANIP-\u201eVeselin-Maslesa_-Deseti-po-redu-Festival-srpskog-folklora-4.-i-5.-jula-240x300.jpg 240w, https:\/\/www.mladibl.com\/wp-content\/uploads\/2025\/06\/U-organizaciji-ANIP-\u201eVeselin-Maslesa_-Deseti-po-redu-Festival-srpskog-folklora-4.-i-5.-jula-768x960.jpg 768w\" sizes=\"auto, (max-width: 800px) 100vw, 800px\" \/><\/figure>\n\n\n\n<p>Preuzeto sa: <a href=\"https:\/\/www.banjaluka.rs.ba\/u-organizaciji-anip-veselin-maslesa\/\" target=\"_blank\" rel=\"noreferrer noopener\">banjaluka.rs.ba<\/a><\/p>\n","protected":false},"excerpt":{"rendered":"<p>U organizaciji ANIP \u201eVeselin Masle\u0161a\u201c 4. i 5. jula bi\u0107e odr\u017ean deseti po redu Festival srpskog folklora. Tako \u0107e prvi<\/p>\n","protected":false},"author":1,"featured_media":47227,"comment_status":"closed","ping_status":"open","sticky":false,"template":"","format":"standard","meta":{"om_disable_all_campaigns":false,"_monsterinsights_skip_tracking":false,"_monsterinsights_sitenote_active":false,"_monsterinsights_sitenote_note":"","_monsterinsights_sitenote_category":0,"footnotes":""},"categories":[2],"tags":[14327,11279],"class_list":["post-47230","post","type-post","status-publish","format-standard","has-post-thumbnail","hentry","category-vijesti","tag-festival-srpskog-folklora","tag-veselin-maslesa"],"jetpack_featured_media_url":"https:\/\/www.mladibl.com\/wp-content\/uploads\/2025\/06\/U-organizaciji-ANIP-\u201eVeselin-Maslesa_-Deseti-po-redu-Festival-srpskog-folklora-4.-i-5.-jula.jpg","amp_enabled":true,"_links":{"self":[{"href":"https:\/\/www.mladibl.com\/index.php?rest_route=\/wp\/v2\/posts\/47230","targetHints":{"allow":["GET"]}}],"collection":[{"href":"https:\/\/www.mladibl.com\/index.php?rest_route=\/wp\/v2\/posts"}],"about":[{"href":"https:\/\/www.mladibl.com\/index.php?rest_route=\/wp\/v2\/types\/post"}],"author":[{"embeddable":true,"href":"https:\/\/www.mladibl.com\/index.php?rest_route=\/wp\/v2\/users\/1"}],"replies":[{"embeddable":true,"href":"https:\/\/www.mladibl.com\/index.php?rest_route=%2Fwp%2Fv2%2Fcomments&post=47230"}],"version-history":[{"count":1,"href":"https:\/\/www.mladibl.com\/index.php?rest_route=\/wp\/v2\/posts\/47230\/revisions"}],"predecessor-version":[{"id":47231,"href":"https:\/\/www.mladibl.com\/index.php?rest_route=\/wp\/v2\/posts\/47230\/revisions\/47231"}],"wp:featuredmedia":[{"embeddable":true,"href":"https:\/\/www.mladibl.com\/index.php?rest_route=\/wp\/v2\/media\/47227"}],"wp:attachment":[{"href":"https:\/\/www.mladibl.com\/index.php?rest_route=%2Fwp%2Fv2%2Fmedia&parent=47230"}],"wp:term":[{"taxonomy":"category","embeddable":true,"href":"https:\/\/www.mladibl.com\/index.php?rest_route=%2Fwp%2Fv2%2Fcategories&post=47230"},{"taxonomy":"post_tag","embeddable":true,"href":"https:\/\/www.mladibl.com\/index.php?rest_route=%2Fwp%2Fv2%2Ftags&post=47230"}],"curies":[{"name":"wp","href":"https:\/\/api.w.org\/{rel}","templated":true}]}}