{"id":47218,"date":"2025-06-29T22:50:45","date_gmt":"2025-06-29T20:50:45","guid":{"rendered":"https:\/\/www.mladibl.com\/?p=47218"},"modified":"2025-06-29T22:50:51","modified_gmt":"2025-06-29T20:50:51","slug":"termin-odrzavanja-tuborg-garden-festa-se-pomjera-na-1-i-2-avgust","status":"publish","type":"post","link":"https:\/\/www.mladibl.com\/?p=47218","title":{"rendered":"Termin odr\u017eavanja \u201cTuborg Garden Festa\u201d se pomjera na 1. i 2. avgust"},"content":{"rendered":"\n<p>Zbog vanrednih i nepredvi\u0111enih okolnosti pomjera se termin odr\u017eavanja \u201cTuborg Garden Festa 2025\u201d na 1. i 2. avgust.<\/p>\n\n\n\n<p>U skladu sa najavljenom odlukom o progla\u0161enju Dana \u017ealosti 5. jula u Republici Srpskoj, koji se poklapa sa predvi\u0111enim terminom odr\u017eavanja festivala, obavje\u0161tavamo sve da se zbog novonastalih vanrednih okolnosti pomjera termin odr\u017eavanja \u201cTuborg Garden Festa 2025\u201d na datume 1. i 2. avgust 2025. godine. Svi koji su ve\u0107 kupili karte \u0107e imati mogu\u0107nost zadr\u017eavanja istih za ulaz na festival u novom terminu, kao i mogu\u0107nost povrata novca na prodajnim mjestima u skladu sa instrukcijom koja \u0107e biti objavljena u ponedjeljak.<\/p>\n\n\n\n<p>Na\u0161oj publici, svim na\u0161im gostima i partnerima, te svima onima koji su ve\u0107 isplanirali svoj dolazak na \u201cTuborg Garden Fest\u201d se zahvaljujemo na dosada\u0161njoj podr\u0161ci i ovim putem se izvinjavamo na pote\u0161ko\u0107ama izazvanim ovim nepredvi\u0111enim okolnostima.<\/p>\n\n\n\n<p>Za vi\u0161e informacija pratite nas na www.gardenfest.net , kao i Facebook i Instagram stranicima festivala.<\/p>\n\n\n\n<p>Vidimo se 1. i 2. avgusta u Ljetnoj ba\u0161ti Prijedor na petom jubilarnom \u201cTuborg Garden Festu\u201d, najve\u0107em muzi\u010dkom festivalu u regiji!<\/p>\n\n\n\n<figure class=\"wp-block-image size-full\"><img loading=\"lazy\" decoding=\"async\" width=\"800\" height=\"1001\" src=\"http:\/\/www.mladibl.com\/wp-content\/uploads\/2025\/06\/Termin-odrzavanja-Tuborg-Garden-Festa-se-pomjera-na-1.-i-2.-avgust.jpg\" alt=\"Termin odr\u017eavanja \u201cTuborg Garden Festa\u201d se pomjera na 1. i 2. avgust\" class=\"wp-image-47228\" srcset=\"https:\/\/www.mladibl.com\/wp-content\/uploads\/2025\/06\/Termin-odrzavanja-Tuborg-Garden-Festa-se-pomjera-na-1.-i-2.-avgust.jpg 800w, https:\/\/www.mladibl.com\/wp-content\/uploads\/2025\/06\/Termin-odrzavanja-Tuborg-Garden-Festa-se-pomjera-na-1.-i-2.-avgust-240x300.jpg 240w, https:\/\/www.mladibl.com\/wp-content\/uploads\/2025\/06\/Termin-odrzavanja-Tuborg-Garden-Festa-se-pomjera-na-1.-i-2.-avgust-768x961.jpg 768w\" sizes=\"auto, (max-width: 800px) 100vw, 800px\" \/><\/figure>\n\n\n\n<p>Izvor: Saop\u0161tenje<\/p>\n","protected":false},"excerpt":{"rendered":"<p>Zbog vanrednih i nepredvi\u0111enih okolnosti pomjera se termin odr\u017eavanja \u201cTuborg Garden Festa 2025\u201d na 1. i 2. avgust. U skladu<\/p>\n","protected":false},"author":1,"featured_media":47228,"comment_status":"closed","ping_status":"open","sticky":false,"template":"","format":"standard","meta":{"om_disable_all_campaigns":false,"_monsterinsights_skip_tracking":false,"_monsterinsights_sitenote_active":false,"_monsterinsights_sitenote_note":"","_monsterinsights_sitenote_category":0,"footnotes":""},"categories":[2],"tags":[3636,14326],"class_list":["post-47218","post","type-post","status-publish","format-standard","has-post-thumbnail","hentry","category-vijesti","tag-novi-termin","tag-tuborg-garden-fest"],"jetpack_featured_media_url":"https:\/\/www.mladibl.com\/wp-content\/uploads\/2025\/06\/Termin-odrzavanja-Tuborg-Garden-Festa-se-pomjera-na-1.-i-2.-avgust.jpg","amp_enabled":true,"_links":{"self":[{"href":"https:\/\/www.mladibl.com\/index.php?rest_route=\/wp\/v2\/posts\/47218","targetHints":{"allow":["GET"]}}],"collection":[{"href":"https:\/\/www.mladibl.com\/index.php?rest_route=\/wp\/v2\/posts"}],"about":[{"href":"https:\/\/www.mladibl.com\/index.php?rest_route=\/wp\/v2\/types\/post"}],"author":[{"embeddable":true,"href":"https:\/\/www.mladibl.com\/index.php?rest_route=\/wp\/v2\/users\/1"}],"replies":[{"embeddable":true,"href":"https:\/\/www.mladibl.com\/index.php?rest_route=%2Fwp%2Fv2%2Fcomments&post=47218"}],"version-history":[{"count":1,"href":"https:\/\/www.mladibl.com\/index.php?rest_route=\/wp\/v2\/posts\/47218\/revisions"}],"predecessor-version":[{"id":47229,"href":"https:\/\/www.mladibl.com\/index.php?rest_route=\/wp\/v2\/posts\/47218\/revisions\/47229"}],"wp:featuredmedia":[{"embeddable":true,"href":"https:\/\/www.mladibl.com\/index.php?rest_route=\/wp\/v2\/media\/47228"}],"wp:attachment":[{"href":"https:\/\/www.mladibl.com\/index.php?rest_route=%2Fwp%2Fv2%2Fmedia&parent=47218"}],"wp:term":[{"taxonomy":"category","embeddable":true,"href":"https:\/\/www.mladibl.com\/index.php?rest_route=%2Fwp%2Fv2%2Fcategories&post=47218"},{"taxonomy":"post_tag","embeddable":true,"href":"https:\/\/www.mladibl.com\/index.php?rest_route=%2Fwp%2Fv2%2Ftags&post=47218"}],"curies":[{"name":"wp","href":"https:\/\/api.w.org\/{rel}","templated":true}]}}