{"id":47197,"date":"2025-06-27T07:28:53","date_gmt":"2025-06-27T05:28:53","guid":{"rendered":"https:\/\/www.mladibl.com\/?p=47197"},"modified":"2025-06-27T07:28:59","modified_gmt":"2025-06-27T05:28:59","slug":"10-banjalucka-motorijada-od-25-do-27-jula","status":"publish","type":"post","link":"https:\/\/www.mladibl.com\/?p=47197","title":{"rendered":"10. Banjalu\u010dka motorijada od 25. do 27. jula"},"content":{"rendered":"\n<p>Jubilarna 10. Banjalu\u010dka motorijada, u organizaciji MK &#8220;Istok&#8221; Banjaluka, bi\u0107e odr\u017eana od 25. do 27. jula na tvr\u0111avi Kastel.<\/p>\n\n\n\n<p>&#8220;Izuzetno je zadovoljstvo pozvati sve prijatelje bajkere, ljubitelje dvoto\u010dka\u0161a i gra\u0111ane Banjaluke na deseto izdanje Banjalu\u010dke motorijade. Kao i prethodnih godina, na\u0161e goste o\u010dekuju sad ve\u0107 tradicionalni sadr\u017eaji, kao \u0161to su Zid smrti Bo\u017eo Vukadinovi\u0107, turisti\u010dka vo\u017enja, takmi\u010denje u sporoj vo\u017enji, naravno defile i ono \u0161to se podrazumijeva &#8211; mnogo motora, dobra zabava, sjajan muzi\u010dki program i mnogo kvalitetnog dru\u017eenja&#8221;, navode organizatori.<\/p>\n\n\n\n<p>Kako dodaju, MK &#8220;Istok&#8221; Banjaluka ponosan je na svoju posve\u0107enost putovanjima regionom, daljim zemljama, a naro\u010dito izgra\u0111enim prijateljstvima koja se upotpunjuju posjetama.<\/p>\n\n\n\n<p>&#8220;Zbog toga nam je srce puno kada u na\u0161em gradu na Vrbasu do\u010dekamo goste iz svih krajeva Balkana i drugih evropskih zemalja. Dok \u010dekamo posljednji vikend sedmog mjeseca, svima \u017eelimo suhe ceste i lijep provod na planiranim putovanjima i odmorima&#8221;, navode oni.<\/p>\n\n\n\n<p>Preuzeto sa: <a href=\"https:\/\/www.nezavisne.com\/novosti\/banjaluka\/10-Banjalucka-motorijada-od-25-do-27-jula\/912374\" target=\"_blank\" rel=\"noreferrer noopener\">nezavisne.com<\/a><\/p>\n","protected":false},"excerpt":{"rendered":"<p>Jubilarna 10. Banjalu\u010dka motorijada, u organizaciji MK &#8220;Istok&#8221; Banjaluka, bi\u0107e odr\u017eana od 25. do 27. jula na tvr\u0111avi Kastel. &#8220;Izuzetno<\/p>\n","protected":false},"author":1,"featured_media":47194,"comment_status":"closed","ping_status":"open","sticky":false,"template":"","format":"standard","meta":{"om_disable_all_campaigns":false,"_monsterinsights_skip_tracking":false,"_monsterinsights_sitenote_active":false,"_monsterinsights_sitenote_note":"","_monsterinsights_sitenote_category":0,"footnotes":""},"categories":[2],"tags":[5751],"class_list":["post-47197","post","type-post","status-publish","format-standard","has-post-thumbnail","hentry","category-vijesti","tag-banjalucka-motorijada"],"jetpack_featured_media_url":"https:\/\/www.mladibl.com\/wp-content\/uploads\/2025\/06\/10.-Banjalucka-motorijada-od-25.-do-27.-jula.jpg","amp_enabled":true,"_links":{"self":[{"href":"https:\/\/www.mladibl.com\/index.php?rest_route=\/wp\/v2\/posts\/47197","targetHints":{"allow":["GET"]}}],"collection":[{"href":"https:\/\/www.mladibl.com\/index.php?rest_route=\/wp\/v2\/posts"}],"about":[{"href":"https:\/\/www.mladibl.com\/index.php?rest_route=\/wp\/v2\/types\/post"}],"author":[{"embeddable":true,"href":"https:\/\/www.mladibl.com\/index.php?rest_route=\/wp\/v2\/users\/1"}],"replies":[{"embeddable":true,"href":"https:\/\/www.mladibl.com\/index.php?rest_route=%2Fwp%2Fv2%2Fcomments&post=47197"}],"version-history":[{"count":1,"href":"https:\/\/www.mladibl.com\/index.php?rest_route=\/wp\/v2\/posts\/47197\/revisions"}],"predecessor-version":[{"id":47198,"href":"https:\/\/www.mladibl.com\/index.php?rest_route=\/wp\/v2\/posts\/47197\/revisions\/47198"}],"wp:featuredmedia":[{"embeddable":true,"href":"https:\/\/www.mladibl.com\/index.php?rest_route=\/wp\/v2\/media\/47194"}],"wp:attachment":[{"href":"https:\/\/www.mladibl.com\/index.php?rest_route=%2Fwp%2Fv2%2Fmedia&parent=47197"}],"wp:term":[{"taxonomy":"category","embeddable":true,"href":"https:\/\/www.mladibl.com\/index.php?rest_route=%2Fwp%2Fv2%2Fcategories&post=47197"},{"taxonomy":"post_tag","embeddable":true,"href":"https:\/\/www.mladibl.com\/index.php?rest_route=%2Fwp%2Fv2%2Ftags&post=47197"}],"curies":[{"name":"wp","href":"https:\/\/api.w.org\/{rel}","templated":true}]}}