{"id":47185,"date":"2025-06-27T07:27:03","date_gmt":"2025-06-27T05:27:03","guid":{"rendered":"https:\/\/www.mladibl.com\/?p=47185"},"modified":"2025-06-27T07:27:09","modified_gmt":"2025-06-27T05:27:09","slug":"slavimo-vidovdan-u-subotu-bogat-program-u-manastiru-gomionica-pridruzite-se","status":"publish","type":"post","link":"https:\/\/www.mladibl.com\/?p=47185","title":{"rendered":"Slavimo Vidovdan: U subotu bogat program u manastiru Gomionica, pridru\u017eite se"},"content":{"rendered":"\n<hr class=\"wp-block-separator has-alpha-channel-opacity\"\/>\n\n\n\n<p>Pripreme za proslavu Vidovdana su u zavr\u0161noj fazi, a u \u010dast ovog velikog praznika, u subotu, 28. juna u Manastiru Gomionica bi\u0107e organizovan i bogat kulturno-umjetni\u010dki program.<\/p>\n\n\n\n<p>Nakon bogoslu\u017eenja koje \u0107e po\u010deti u 18.00 \u010dasova, uslijedi\u0107e i prigodan program u novoizgra\u0111enom amfiteatru u parku uz manastir, a svi sugra\u0111ani i posjetioci su pozvani da se pridru\u017ee.<\/p>\n\n\n\n<p>Od 19.00 \u010dasova svi posjetioci ima\u0107e priliku da u\u017eivaju u monodrami \u201eKnez\u201c u izvo\u0111enju glumca Ivana Vu\u010dkovi\u0107a.<\/p>\n\n\n\n<p>Nakon predstave bi\u0107e odr\u017ean i koncert tradicionalne i duhovne muzike koji \u0107e prirediti: &nbsp;Srbski pravoslavni pojci, etno pojac Branka Ze\u010devi\u0107, KUD \u201eManasije Coni\u0107\u201c iz Gnjilana, KUD \u201eSrpski vitezovi\u201c-sekcija Bronzani Majdan, te Hor \u201eBeli an\u0111eo\u201c.<\/p>\n\n\n\n<p>Preuzeto sa: <a href=\"https:\/\/www.banjaluka.rs.ba\/slavimo-vidovdan-u-subotu-bogat-progr\/\" target=\"_blank\" rel=\"noreferrer noopener\">banjaluka.rs.ba<\/a><\/p>\n","protected":false},"excerpt":{"rendered":"<p>Pripreme za proslavu Vidovdana su u zavr\u0161noj fazi, a u \u010dast ovog velikog praznika, u subotu, 28. juna u Manastiru<\/p>\n","protected":false},"author":1,"featured_media":47195,"comment_status":"closed","ping_status":"open","sticky":false,"template":"","format":"standard","meta":{"om_disable_all_campaigns":false,"_monsterinsights_skip_tracking":false,"_monsterinsights_sitenote_active":false,"_monsterinsights_sitenote_note":"","_monsterinsights_sitenote_category":0,"footnotes":""},"categories":[2],"tags":[14312,4396,11503],"class_list":["post-47185","post","type-post","status-publish","format-standard","has-post-thumbnail","hentry","category-vijesti","tag-gomionica","tag-proslava","tag-vidovdan"],"jetpack_featured_media_url":"https:\/\/www.mladibl.com\/wp-content\/uploads\/2025\/06\/Slavimo-Vidovdan_-U-subotu-bogat-program-u-manastiru-Gomionica-pridruzite-se.jpg","amp_enabled":true,"_links":{"self":[{"href":"https:\/\/www.mladibl.com\/index.php?rest_route=\/wp\/v2\/posts\/47185","targetHints":{"allow":["GET"]}}],"collection":[{"href":"https:\/\/www.mladibl.com\/index.php?rest_route=\/wp\/v2\/posts"}],"about":[{"href":"https:\/\/www.mladibl.com\/index.php?rest_route=\/wp\/v2\/types\/post"}],"author":[{"embeddable":true,"href":"https:\/\/www.mladibl.com\/index.php?rest_route=\/wp\/v2\/users\/1"}],"replies":[{"embeddable":true,"href":"https:\/\/www.mladibl.com\/index.php?rest_route=%2Fwp%2Fv2%2Fcomments&post=47185"}],"version-history":[{"count":1,"href":"https:\/\/www.mladibl.com\/index.php?rest_route=\/wp\/v2\/posts\/47185\/revisions"}],"predecessor-version":[{"id":47196,"href":"https:\/\/www.mladibl.com\/index.php?rest_route=\/wp\/v2\/posts\/47185\/revisions\/47196"}],"wp:featuredmedia":[{"embeddable":true,"href":"https:\/\/www.mladibl.com\/index.php?rest_route=\/wp\/v2\/media\/47195"}],"wp:attachment":[{"href":"https:\/\/www.mladibl.com\/index.php?rest_route=%2Fwp%2Fv2%2Fmedia&parent=47185"}],"wp:term":[{"taxonomy":"category","embeddable":true,"href":"https:\/\/www.mladibl.com\/index.php?rest_route=%2Fwp%2Fv2%2Fcategories&post=47185"},{"taxonomy":"post_tag","embeddable":true,"href":"https:\/\/www.mladibl.com\/index.php?rest_route=%2Fwp%2Fv2%2Ftags&post=47185"}],"curies":[{"name":"wp","href":"https:\/\/api.w.org\/{rel}","templated":true}]}}