{"id":47175,"date":"2025-06-26T06:57:18","date_gmt":"2025-06-26T04:57:18","guid":{"rendered":"https:\/\/www.mladibl.com\/?p=47175"},"modified":"2025-06-26T07:05:46","modified_gmt":"2025-06-26T05:05:46","slug":"ljetna-skola-o-izgradnji-mira-i-ljudskim-pravima","status":"publish","type":"post","link":"https:\/\/www.mladibl.com\/?p=47175","title":{"rendered":"Ljetna \u0161kola o izgradnji mira i ljudskim pravima"},"content":{"rendered":"\n<p>Lokacija: Prijedor, Bosna i Hercegovina<\/p>\n\n\n\n<p>Tro\u0161kovi u\u010de\u0161\u0107a: Besplatno (sve tro\u0161kove snosi organizator) Ko se mo\u017ee prijaviti: Osobe od 18 do 30 godina starosti<\/p>\n\n\n\n<p>Vrijeme odr\u017eavanja: 17-23. juli 2025.<\/p>\n\n\n\n<p>Rok za prijave: 01. juli 2025. (23:59)<\/p>\n\n\n\n<p><strong><u>Opis Programa<\/u><\/strong><\/p>\n\n\n\n<p>Ovaj program nudi jedinstven pogled na Bosnu i Hercegovinu (BiH), njenu politiku, kulturu i mlade ljude i njihovu ulogu u izgradnji mira. Program \u0107e se odr\u017eati u sjeverozapadnom dijelu BiH, regiji<\/p>\n\n\n\n<p>gdje su se po\u010detkom devedesetih godina pro\u0161log stolje\u0107a desili neki od najve\u0107ih zlo\u010dina, \u0161to je u kona\u010dnici dovelo do osnivanja prvog me\u0111unarodnog suda za ratne zlo\u010dine nakon su\u0111enja u Nirnbergu. Uprkos ovim doga\u0111ajima, kao i \u010dinjenici da Prijedor i okolina imaju jedan od najve\u0107ih brojeva osu\u0111enih ratnih zlo\u010dinaca na svijetu, upravo je ovaj region izrodio niz pozitivnih inicijativa koje su povezale mlade ljude \u0161irom BiH i svijeta.<\/p>\n\n\n\n<p>Ovaj program \u0107e istra\u017eivati problematiku koja dominira bh. politi\u010dkim i kulturnim krajolikom posljednjih 30 godina i ti\u010de se ljudskih prava. Program \u0107e istra\u017eiti naslije\u0111e Dejtonskog mirovnog sporazuma, koji je politi\u010dkim liderima i drugim akterima (mediji, vjerski lideri) poslu\u017eio kao sredstvo utv\u0111ivanja postoje\u0107ih etnonacionalnih i religijskih podjela u bh. politici i dru\u0161tvu. Ovakvo stanje prijeti destabilizacijom mira i bezbjednosti kako u ovom regionu tako i cijeloj BiH. Ovaj program prepozanje kapacitet mladih ljudi da u ovom historijski va\u017enom trenutku unaprijede proces izgradnje mira i pomirenja, koji se zasniva na po\u0161tivanju ljudskih prava i naslije\u0111u svih ljudi.<\/p>\n\n\n\n<p>Na\u0161 program nudi jednosedmi\u010dno iskustvo koje podsti\u010de interakciju i u\u010de\u0161\u0107e u okviru ljudskih prava i izgradnje mira a koje je namijenjeno za sve one koji \u017eele da sti\u010du znanja:<\/p>\n\n\n\n<ul class=\"wp-block-list\">\n<li>BiH<\/li>\n\n\n\n<li>o ulozi i va\u017enosti koju ljudska prava igraju u procesu pomirenja i izgradnje mira<\/li>\n\n\n\n<li>o istoriji i nacionalizmu koji se koriste za stvaranje narativa koji zloupotrebljavaju razlike te promovi\u0161u podjele i sukobe<\/li>\n\n\n\n<li>slu\u0161anjem li\u010dnih pri\u010da o ratnim iskustvima<\/li>\n\n\n\n<li>kako mirnim putem promicati va\u017enost politike sje\u0107anja<\/li>\n\n\n\n<li>kako doprinijeti zajedni\u010dkom u\u010denju sa ostalim u\u010desnicima programa<\/li>\n\n\n\n<li>kako slu\u0161ati druge ljude sa empatijom od iskusnih predava\u010da i ostalih u\u010desnika<\/li>\n\n\n\n<li>kako sticati nove vje\u0161tine poput liderstva i kriti\u010dkog razmi\u0161ljanja<\/li>\n\n\n\n<li>kako promovisati dijalog me\u0111u mladim ljudima sa potencijalom da postanu u\u010dinkoviti lideri u polju ljudskih prava, demokratije i izgradnje mira<\/li>\n\n\n\n<li>kako ocjenjivati projekte<\/li>\n<\/ul>\n\n\n\n<p>NAPOMENA: <strong><u>Ne morate<\/u> <\/strong>biti stru\u010dna osoba ili student bilo koje gore navedene discipline da biste se prijavili za u\u010de\u0161\u0107e u programu.<\/p>\n\n\n\n<p>Radionice \u0107e voditi iskusni fasilitatori koji dolaze iz \u0161irokog spektra polja i disciplina. Neki od njih rade kao predava\u010di na univerzitetima, neki su aktivisti u nevladinom sektoru i\/ili prakti\u010dari iz<\/p>\n\n\n\n<p>organizacija koje se bave ljudskim pravima, izgradnjom mira i tranzicijskom pravdom.<\/p>\n\n\n\n<p>LOGISTIKA PROGRAMA<\/p>\n\n\n\n<ul class=\"wp-block-list\">\n<li>Most Mira snosi putne tro\u0161kove za u\u010desnike koji dolaze iz Bosne i Hercegovine (BiH). Na\u017ealost, nismo u mogu\u0107nosti pokriti putne tro\u0161kove za inostrane u\u010desnike.<\/li>\n\n\n\n<li>Most Mira \u0107e pokriti tro\u0161kove ishrane i smje\u0161taja za sve u\u010desnike u toku trajanja programa. U\u010desnici mogu ponijeti d\u017eeparac za dodatne tro\u0161kove.<\/li>\n\n\n\n<li>Most Mira \u0107e organizovati svakodnevni prijevoz u sklopu programa, \u0161to uklju\u010duje i prijevoz do svih mjesta koja \u0107ete posjetiti u sklopu programa.<\/li>\n<\/ul>\n\n\n\n<p>PRIJAVA ZA PROGRAM<\/p>\n\n\n\n<ul class=\"wp-block-list\">\n<li>Da biste bili razmotreni za u\u010de\u0161\u0107e u programu potrebno je da poponite prijavni obrazac.<\/li>\n\n\n\n<li>Prijave slati do 01. jula 2025 (23:59) LINK ZA PRIJAVNI OBRAZAC<\/li>\n<\/ul>\n\n\n\n<p><strong><a href=\"https:\/\/bit.ly\/2025PoP\" target=\"_blank\" rel=\"noreferrer noopener\">https:\/\/bit.ly\/2025PoP<\/a><\/strong><\/p>\n\n\n\n<p>Ako prilikom popune prijavnog obrasca budete imali bilo kakvih pitanja slobodno nas kontaktirajte putem slijede\u0107e email adrese: <a href=\"mailto:info@mostmira.org\"><u>info@mostmira.org<\/u><\/a><\/p>\n\n\n\n<p>Preuzeto sa: <a href=\"https:\/\/www.mreza-mira.net\/vijesti\/seminari-treninzi\/ljetna-skola-o-izgradnji-mira-i-ljudskim-pravima\/\" target=\"_blank\" rel=\"noreferrer noopener\">mreza-mira.net<\/a><\/p>\n","protected":false},"excerpt":{"rendered":"<p>Lokacija: Prijedor, Bosna i Hercegovina Tro\u0161kovi u\u010de\u0161\u0107a: Besplatno (sve tro\u0161kove snosi organizator) Ko se mo\u017ee prijaviti: Osobe od 18 do<\/p>\n","protected":false},"author":1,"featured_media":47154,"comment_status":"closed","ping_status":"open","sticky":false,"template":"","format":"standard","meta":{"om_disable_all_campaigns":false,"_monsterinsights_skip_tracking":false,"_monsterinsights_sitenote_active":false,"_monsterinsights_sitenote_note":"","_monsterinsights_sitenote_category":0,"footnotes":""},"categories":[4,8692],"tags":[2933,238,158],"class_list":["post-47175","post","type-post","status-publish","format-standard","has-post-thumbnail","hentry","category-edukacija","category-izdvajamo","tag-izgradnja-mira","tag-ljetna-skola","tag-ljudska-prava"],"jetpack_featured_media_url":"https:\/\/www.mladibl.com\/wp-content\/uploads\/2025\/06\/Ljetna-skola-o-izgradnji-mira-i-ljudskim-pravima.jpg","amp_enabled":true,"_links":{"self":[{"href":"https:\/\/www.mladibl.com\/index.php?rest_route=\/wp\/v2\/posts\/47175","targetHints":{"allow":["GET"]}}],"collection":[{"href":"https:\/\/www.mladibl.com\/index.php?rest_route=\/wp\/v2\/posts"}],"about":[{"href":"https:\/\/www.mladibl.com\/index.php?rest_route=\/wp\/v2\/types\/post"}],"author":[{"embeddable":true,"href":"https:\/\/www.mladibl.com\/index.php?rest_route=\/wp\/v2\/users\/1"}],"replies":[{"embeddable":true,"href":"https:\/\/www.mladibl.com\/index.php?rest_route=%2Fwp%2Fv2%2Fcomments&post=47175"}],"version-history":[{"count":1,"href":"https:\/\/www.mladibl.com\/index.php?rest_route=\/wp\/v2\/posts\/47175\/revisions"}],"predecessor-version":[{"id":47176,"href":"https:\/\/www.mladibl.com\/index.php?rest_route=\/wp\/v2\/posts\/47175\/revisions\/47176"}],"wp:featuredmedia":[{"embeddable":true,"href":"https:\/\/www.mladibl.com\/index.php?rest_route=\/wp\/v2\/media\/47154"}],"wp:attachment":[{"href":"https:\/\/www.mladibl.com\/index.php?rest_route=%2Fwp%2Fv2%2Fmedia&parent=47175"}],"wp:term":[{"taxonomy":"category","embeddable":true,"href":"https:\/\/www.mladibl.com\/index.php?rest_route=%2Fwp%2Fv2%2Fcategories&post=47175"},{"taxonomy":"post_tag","embeddable":true,"href":"https:\/\/www.mladibl.com\/index.php?rest_route=%2Fwp%2Fv2%2Ftags&post=47175"}],"curies":[{"name":"wp","href":"https:\/\/api.w.org\/{rel}","templated":true}]}}