{"id":47143,"date":"2025-06-24T23:25:58","date_gmt":"2025-06-24T21:25:58","guid":{"rendered":"https:\/\/www.mladibl.com\/?p=47143"},"modified":"2025-06-24T23:48:04","modified_gmt":"2025-06-24T21:48:04","slug":"impakt-raye-jedinstvena-prilika-za-mlade-preduzetnike-na-zapadnom-balkanu","status":"publish","type":"post","link":"https:\/\/www.mladibl.com\/?p=47143","title":{"rendered":"IMPAKT RAYE: Jedinstvena prilika za mlade preduzetnike na Zapadnom Balkanu"},"content":{"rendered":"\n<p>Izuzetno nam je zadovoljstvo \u0161to mo\u017eemo da podijelimo sa vama uzbudljive vijesti iz IF Impakt-a, organizacije koja je podr\u017eala vi\u0161e od 650 poduzetnika i poduzetnica u posljednje 4 godine, i doprinijela otvaranju vi\u0161e od 850 radnih mjesta \u0161irom Bosne i Hercegovine. Osim toga, IF Impakt je omogu\u0107io razvoj preko 2.250 poslovnih ideja kroz svoje programe inkubatora i akceleratora, zna\u010dajno pove\u0107av\u0161i niz odr\u017eivih poduzetni\u010dkih poduhvata u zemlji. Mnoge od ovih ideja su preto\u010dene u formalna preduze\u0107a, dok su druge pomogle u\u010desnicima da steknu vrijedne vje\u0161tine, pobolj\u0161aju zapo\u0161ljivost ili pokrenu projekte u zajednici.<\/p>\n\n\n\n<p>Sada, s ponosom najavljujemo pokretanje na\u0161eg novog programa za mlade &#8211; Impakt RAYE (Regionalne akademije za mlade poduzetnike\/ce), prvog besplatnog regionalnog poduzetni\u010dkog programa namijenjenog mladima \u0161irom Zapadnog Balkana.<\/p>\n\n\n\n<p>Ovaj dvomjese\u010dni program spaja online u\u010denje sa predanim mentorstvom i kulminira u vi\u0161ednevnom ljetnom poduzetni\u010dkom kampu na planini Jahorini, gdje \u0107e u\u010desnici predstaviti svoje poslovne ideje stru\u010dnjacima i an\u0111elima investitorima.<\/p>\n\n\n\n<p>Kroz sedam pa\u017eljivo osmi\u0161ljenih modula, u\u010desnici \u0107e putovati od identifikacije tr\u017ei\u0161nog problema i sprovo\u0111enja istra\u017eivanja kupaca do finansiranja startup-a i izgradnje odr\u017eivog poslovnog modela. Program se tako\u0111er fokusira na brendiranje, strate\u0161ku komunikaciju, javni nastup i pripremu za predstavljanje investitora.<\/p>\n\n\n\n<p>Stvorili smo IMPAKT RAYE kao most izme\u0111u mladala\u010dke ambicije i stvarnih mogu\u0107nosti za izgradnju odr\u017eivog poslovanja. Ne o\u010dekujemo da \u0107e u\u010desnici do\u0107i sa potpuno razvijenim idejama, ono \u0161to cijenimo je spremnost za u\u010denje i rast. Na\u0161 tim \u0107e ih voditi kroz otkrivanje i oblikovanje njihovih poslovnih ideja.<\/p>\n\n\n\n<p><strong>Detalji programa:<\/strong><\/p>\n\n\n\n<p>Namjenjen je za mlade od 18 do 28 godina iz Albanije, Bosne i Hercegovine, Kosova, Crne Gore, Sjeverne Makedonije i Srbije.<\/p>\n\n\n\n<p>Kompletan program je na engleskom jeziku<\/p>\n\n\n\n<p>4 sata sedmi\u010dno online anga\u017emana<\/p>\n\n\n\n<p>Finalni modul i umre\u017eavanje u ljetnom kampu preduzetni\u0161tva na Jahorini &#8211; pokriveni svi tro\u0161kovi: smje\u0161taj, ishrana, radionice, izleti<\/p>\n\n\n\n<p>Masterclasses \u0107e dr\u017eati vode\u0107i lokalni, regionalni i me\u0111unarodni predava\u010di, treneri, konsultanti, investitori i mentori, nude\u0107i u\u010desnicima prakti\u010dna znanja, iskustvo iz stvarnog svijeta i pristup vrijednoj regionalnoj i globalnoj mre\u017ei lidera.<\/p>\n\n\n\n<p><strong>Prijave su otvorene do 30. juna.<\/strong><\/p>\n\n\n\n<p>Svi detalji programa i obrazac za prijavu dostupni su na:<\/p>\n\n\n\n<figure class=\"wp-block-embed is-type-wp-embed is-provider-impakt-raye wp-block-embed-impakt-raye\"><div class=\"wp-block-embed__wrapper\">\n<blockquote class=\"wp-embedded-content\" data-secret=\"KuWxadzQOv\"><a href=\"https:\/\/impaktraye.com\/\">Home 1<\/a><\/blockquote><iframe loading=\"lazy\" class=\"wp-embedded-content\" sandbox=\"allow-scripts\" security=\"restricted\" style=\"position: absolute; visibility: hidden;\" title=\"&#8220;Home 1&#8221; &#8212; IMPAKT RAYE\" src=\"https:\/\/impaktraye.com\/embed\/#?secret=UsADoTTovN#?secret=KuWxadzQOv\" data-secret=\"KuWxadzQOv\" width=\"600\" height=\"338\" frameborder=\"0\" marginwidth=\"0\" marginheight=\"0\" scrolling=\"no\"><\/iframe>\n<\/div><\/figure>\n\n\n\n<p>Izvor: Saop\u0161tenje<\/p>\n","protected":false},"excerpt":{"rendered":"<p>Izuzetno nam je zadovoljstvo \u0161to mo\u017eemo da podijelimo sa vama uzbudljive vijesti iz IF Impakt-a, organizacije koja je podr\u017eala vi\u0161e<\/p>\n","protected":false},"author":1,"featured_media":47126,"comment_status":"closed","ping_status":"open","sticky":false,"template":"","format":"standard","meta":{"om_disable_all_campaigns":false,"_monsterinsights_skip_tracking":false,"_monsterinsights_sitenote_active":false,"_monsterinsights_sitenote_note":"","_monsterinsights_sitenote_category":0,"footnotes":""},"categories":[8692,370],"tags":[14309,33,288,159],"class_list":["post-47143","post","type-post","status-publish","format-standard","has-post-thumbnail","hentry","category-izdvajamo","category-ostalo","tag-impakt-raye","tag-mladi","tag-preduzetnici","tag-zapadni-balkan"],"jetpack_featured_media_url":"https:\/\/www.mladibl.com\/wp-content\/uploads\/2025\/06\/IMPAKT-RAYE_-Jedinstvena-prilika-za-mlade-preduzetnike-na-Zapadnom-Balkanu.jpg","amp_enabled":true,"_links":{"self":[{"href":"https:\/\/www.mladibl.com\/index.php?rest_route=\/wp\/v2\/posts\/47143","targetHints":{"allow":["GET"]}}],"collection":[{"href":"https:\/\/www.mladibl.com\/index.php?rest_route=\/wp\/v2\/posts"}],"about":[{"href":"https:\/\/www.mladibl.com\/index.php?rest_route=\/wp\/v2\/types\/post"}],"author":[{"embeddable":true,"href":"https:\/\/www.mladibl.com\/index.php?rest_route=\/wp\/v2\/users\/1"}],"replies":[{"embeddable":true,"href":"https:\/\/www.mladibl.com\/index.php?rest_route=%2Fwp%2Fv2%2Fcomments&post=47143"}],"version-history":[{"count":1,"href":"https:\/\/www.mladibl.com\/index.php?rest_route=\/wp\/v2\/posts\/47143\/revisions"}],"predecessor-version":[{"id":47144,"href":"https:\/\/www.mladibl.com\/index.php?rest_route=\/wp\/v2\/posts\/47143\/revisions\/47144"}],"wp:featuredmedia":[{"embeddable":true,"href":"https:\/\/www.mladibl.com\/index.php?rest_route=\/wp\/v2\/media\/47126"}],"wp:attachment":[{"href":"https:\/\/www.mladibl.com\/index.php?rest_route=%2Fwp%2Fv2%2Fmedia&parent=47143"}],"wp:term":[{"taxonomy":"category","embeddable":true,"href":"https:\/\/www.mladibl.com\/index.php?rest_route=%2Fwp%2Fv2%2Fcategories&post=47143"},{"taxonomy":"post_tag","embeddable":true,"href":"https:\/\/www.mladibl.com\/index.php?rest_route=%2Fwp%2Fv2%2Ftags&post=47143"}],"curies":[{"name":"wp","href":"https:\/\/api.w.org\/{rel}","templated":true}]}}