{"id":47092,"date":"2025-06-24T09:18:25","date_gmt":"2025-06-24T07:18:25","guid":{"rendered":"https:\/\/www.mladibl.com\/?p=47092"},"modified":"2025-06-24T09:18:30","modified_gmt":"2025-06-24T07:18:30","slug":"cetvrtak-u-muzeju-savremene-umjetnosti-izlozba-cileta-marinkovica-furija-slikanja","status":"publish","type":"post","link":"https:\/\/www.mladibl.com\/?p=47092","title":{"rendered":"\u010cetvrtak u Muzeju savremene umjetnosti: Izlo\u017eba Cileta Marinkovi\u0107a \u201eFurija slikanja\u201c"},"content":{"rendered":"\n<hr class=\"wp-block-separator has-alpha-channel-opacity\"\/>\n\n\n\n<p>&nbsp;U Muzeju savremene umjetnosti Republike Srpske u \u010detvrtak, 26. juna u 20.00 \u010dasova bi\u0107e otvorena izlo\u017eba Cileta Marinkovi\u0107a&nbsp;\u201eFurija slikanja\u201c&nbsp;.<\/p>\n\n\n\n<p>-Ova izlo\u017eba predstavlja va\u017ean kulturni doga\u0111aj kojim se zaokru\u017euje&nbsp;opus umjetnika \u010dije slikarstvo prema\u0161uje geografske, \u017eanrovske i kulturne granice, zadr\u017eavaju\u0107i autenti\u010dnost, sna\u017enu emocionalnu rezonancu i vizuelnu ekspresiju. Posjetioci \u0107e imati priliku da vide izbor radova nastalih u posljednje dvije decenije \u2013 period koji je obilje\u017een stvarala\u010dkom zrelo\u0161\u0107u, kontinuitetom i transformacijom \u2013 navedeno je iz Muzeja.&nbsp;<\/p>\n\n\n\n<p>Isti\u010du i to kako muzej izlo\u017ebom&nbsp;\u201eFurija slikanja\u201c&nbsp;ne samo da odaje priznanje umjetni\u010dkom kontinuitetu i integritetu ovog slikara ve\u0107 nastavlja i svoju misiju predstavljanja savremenih umjetni\u010dkih praksi koje pomjeraju granice i podsti\u010du promi\u0161ljanje.<\/p>\n\n\n\n<p>-Kustosi izlo\u017ebe su francuski istori\u010dar umjetnosti i kriti\u010dar, Kristijan Norbergen i Lana Pavlovi\u0107, vi\u0161a kustoskinja Muzeja savremene umjetnosti Republike Srpske \u2013 naveli su iz Muzeja.&nbsp;<\/p>\n\n\n\n<figure class=\"wp-block-image size-large\"><img loading=\"lazy\" decoding=\"async\" width=\"719\" height=\"1024\" src=\"http:\/\/www.mladibl.com\/wp-content\/uploads\/2025\/06\/Cetvrtak-u-Muzeju-savremene-umjetnosti_-Izlozba-Cileta-Marinkovica-\u201eFurija-slikanja-719x1024.jpg\" alt=\"\u010cetvrtak u Muzeju savremene umjetnosti: Izlo\u017eba Cileta Marinkovi\u0107a \u201eFurija slikanja\u201c\" class=\"wp-image-47100\" srcset=\"https:\/\/www.mladibl.com\/wp-content\/uploads\/2025\/06\/Cetvrtak-u-Muzeju-savremene-umjetnosti_-Izlozba-Cileta-Marinkovica-\u201eFurija-slikanja-719x1024.jpg 719w, https:\/\/www.mladibl.com\/wp-content\/uploads\/2025\/06\/Cetvrtak-u-Muzeju-savremene-umjetnosti_-Izlozba-Cileta-Marinkovica-\u201eFurija-slikanja-211x300.jpg 211w, https:\/\/www.mladibl.com\/wp-content\/uploads\/2025\/06\/Cetvrtak-u-Muzeju-savremene-umjetnosti_-Izlozba-Cileta-Marinkovica-\u201eFurija-slikanja-768x1093.jpg 768w, https:\/\/www.mladibl.com\/wp-content\/uploads\/2025\/06\/Cetvrtak-u-Muzeju-savremene-umjetnosti_-Izlozba-Cileta-Marinkovica-\u201eFurija-slikanja.jpg 800w\" sizes=\"auto, (max-width: 719px) 100vw, 719px\" \/><figcaption class=\"wp-element-caption\">Pex<\/figcaption><\/figure>\n\n\n\n<p>Preuzeto sa: <a href=\"https:\/\/www.banjaluka.rs.ba\/cetvrtak-u-muzeju-savremene-umjetnos\/\" target=\"_blank\" rel=\"noreferrer noopener\">banjaluka.rs.ba<\/a><\/p>\n\n\n\n<p><\/p>\n","protected":false},"excerpt":{"rendered":"<p>&nbsp;U Muzeju savremene umjetnosti Republike Srpske u \u010detvrtak, 26. juna u 20.00 \u010dasova bi\u0107e otvorena izlo\u017eba Cileta Marinkovi\u0107a&nbsp;\u201eFurija slikanja\u201c&nbsp;. -Ova<\/p>\n","protected":false},"author":1,"featured_media":47100,"comment_status":"closed","ping_status":"open","sticky":false,"template":"","format":"standard","meta":{"om_disable_all_campaigns":false,"_monsterinsights_skip_tracking":false,"_monsterinsights_sitenote_active":false,"_monsterinsights_sitenote_note":"","_monsterinsights_sitenote_category":0,"footnotes":""},"categories":[2],"tags":[14297,14298,699,3276],"class_list":["post-47092","post","type-post","status-publish","format-standard","has-post-thumbnail","hentry","category-vijesti","tag-cile-marinkovic","tag-furija-slikanja","tag-izlozba","tag-muzej-savremene-umjetnosti"],"jetpack_featured_media_url":"https:\/\/www.mladibl.com\/wp-content\/uploads\/2025\/06\/Cetvrtak-u-Muzeju-savremene-umjetnosti_-Izlozba-Cileta-Marinkovica-\u201eFurija-slikanja.jpg","amp_enabled":true,"_links":{"self":[{"href":"https:\/\/www.mladibl.com\/index.php?rest_route=\/wp\/v2\/posts\/47092","targetHints":{"allow":["GET"]}}],"collection":[{"href":"https:\/\/www.mladibl.com\/index.php?rest_route=\/wp\/v2\/posts"}],"about":[{"href":"https:\/\/www.mladibl.com\/index.php?rest_route=\/wp\/v2\/types\/post"}],"author":[{"embeddable":true,"href":"https:\/\/www.mladibl.com\/index.php?rest_route=\/wp\/v2\/users\/1"}],"replies":[{"embeddable":true,"href":"https:\/\/www.mladibl.com\/index.php?rest_route=%2Fwp%2Fv2%2Fcomments&post=47092"}],"version-history":[{"count":1,"href":"https:\/\/www.mladibl.com\/index.php?rest_route=\/wp\/v2\/posts\/47092\/revisions"}],"predecessor-version":[{"id":47101,"href":"https:\/\/www.mladibl.com\/index.php?rest_route=\/wp\/v2\/posts\/47092\/revisions\/47101"}],"wp:featuredmedia":[{"embeddable":true,"href":"https:\/\/www.mladibl.com\/index.php?rest_route=\/wp\/v2\/media\/47100"}],"wp:attachment":[{"href":"https:\/\/www.mladibl.com\/index.php?rest_route=%2Fwp%2Fv2%2Fmedia&parent=47092"}],"wp:term":[{"taxonomy":"category","embeddable":true,"href":"https:\/\/www.mladibl.com\/index.php?rest_route=%2Fwp%2Fv2%2Fcategories&post=47092"},{"taxonomy":"post_tag","embeddable":true,"href":"https:\/\/www.mladibl.com\/index.php?rest_route=%2Fwp%2Fv2%2Ftags&post=47092"}],"curies":[{"name":"wp","href":"https:\/\/api.w.org\/{rel}","templated":true}]}}