{"id":46979,"date":"2025-06-16T20:10:18","date_gmt":"2025-06-16T18:10:18","guid":{"rendered":"https:\/\/www.mladibl.com\/?p=46979"},"modified":"2025-06-16T20:10:24","modified_gmt":"2025-06-16T18:10:24","slug":"javni-poziv-za-prijave-skola-novinarske-izvrsnosti","status":"publish","type":"post","link":"https:\/\/www.mladibl.com\/?p=46979","title":{"rendered":"Javni poziv za prijave: \u0160kola novinarske izvrsnosti"},"content":{"rendered":"\n<p>Trening<\/p>\n\n\n\n<p>Sarajevo<\/p>\n\n\n\n<p>Bosnia and Herzegovina<\/p>\n\n\n\n<p><em>\u0160kola novinarske izvrsnosti Mediacentra je novi tromjese\u010dni edukativni program osmi\u0161ljen s ciljem da pomogne novinarima i novinarkama u savladavanju savremenih profesionalnih izazova. Program nastoji oja\u010dati kapacitete za izvje\u0161tavanje putem razli\u010ditih platformi, uz sna\u017ean fokus na integritet i etiku novinarskog rada.<\/em><\/p>\n\n\n\n<p>U\u010desnici i u\u010desnice \u0107e imati priliku da kroz rad s iskusnim timom trenera i trenerica istra\u017ee osnovne vrijednosti i vje\u0161tine profesionalnog novinarstva.<\/p>\n\n\n\n<p><strong>Treneri i trenerice<\/strong><\/p>\n\n\n\n<p><strong>Ed Vulliamy<\/strong><br>Novinar koji pi\u0161e za The Guardian i The Observer, autor nekoliko knjiga, uklju\u010duju\u0107i&nbsp;<em>Amexica: War Along the Borderline<\/em>&nbsp;(2010). Dobitnik je brojnih nagrada za novinarstvo, uklju\u010duju\u0107i British Press Awards, nagradu Me\u0111unarodni reporter godine (1996), nagradu James Cameron za novinarsku izvrsnost (1994) i priznanje Amnesty International novinar godine (1992). Izvje\u0161tavao je o ratovima u biv\u0161oj Jugoslaviji za The Guardian (1991\u20131994) i prvi je novinar koji je svjedo\u010dio na su\u0111enju za ratne zlo\u010dine u Hagu.<\/p>\n\n\n\n<p><strong>Damir \u0160agolj<\/strong><br>Bh. fotoreporter ro\u0111en u Sarajevu. Karijeru je po\u010deo nakon \u0161to je rat prekinuo njegove studije u Moskvi. Pridru\u017eio se Reutersu 1996. i pokrivao brojne sukobe, uklju\u010duju\u0107i Irak, Afganistan, Liban, Mijanmar i Sjevernu Koreju. Finalista je Pulitzerove nagrade 2004. i dobitnik Pulitzerove nagrade 2018. godine. Damir \u0160agolj je suosniva\u010d i direktor Fondacije WARM, s magistarskom diplomom iz dokumentarne fotografije i fotonovinarstva.<\/p>\n\n\n\n<p><strong>Jacky Rowland<\/strong><br>Biv\u0161a televizijska novinarka, dopisnica BBC-a i vi\u0161a dopisnica Al Jazeere English. Izvje\u0161tavala je iz Sjeverne Afrike, s Bliskog istoka i iz Afganistana. Bila je jedna od prvih novinarki koje su stigle u Afganistan nakon 11. septembra.<\/p>\n\n\n\n<p><strong>Amy Sawitta Lefevre<\/strong><br>Nagra\u0111ivana novinarka i komunikacijska stru\u010dnjakinja s vi\u0161e od deset godina iskustva izvje\u0161tavanja iz Azije i Pacifi\u010dkog regiona. Bila je zamjenica \u0161efice biroa Reutersa za Tajland i Indokinu, te komunikacijska direktorica u Fortune 500 kompanijama. Radila je kao portparolka za Meta-u i Netflix. Dobitnica je SOPA i Human Rights Press nagrada, a u\u010destvovala je u Pulitzerom nagra\u0111enoj Reutersovoj istrazi 2014.<\/p>\n\n\n\n<p><strong>Taimoor Sobhan<\/strong><br>Re\u017eiser, producent i monta\u017eer s 15 godina iskustva u globalnim medijskim brendovima kao \u0161to su Bloomberg, CGTN i MTV. Radio je na dokumentarcima i kampanjama \u0161irom Azije, pokrivaju\u0107i teme poput heroinske krize u Mijanmaru i tehnologije me\u0111u manjinskim zajednicama Banglade\u0161a.<\/p>\n\n\n\n<p><strong>Tematske cjeline programa<\/strong><\/p>\n\n\n\n<ul class=\"wp-block-list\">\n<li>Novinarska profesija i storytelling<\/li>\n\n\n\n<li>Dokumentarna fotografija<\/li>\n\n\n\n<li>Osnove video novinarstva<\/li>\n\n\n\n<li>Dru\u0161tvene mre\u017ee i novinarstvo<\/li>\n\n\n\n<li>AI i novinarstvo<\/li>\n<\/ul>\n\n\n\n<p><strong>Program se sastoji od \u010detiri bloka treninga koji \u0107e tokom tri mjeseca biti odr\u017eani u Sarajevu<\/strong>, uz mentorski rad i zadatke, s ciljem razvoja i objave novinarskih pri\u010da i priloga u\u010desnika.<\/p>\n\n\n\n<p>Pored edukacije, u\u010desnici i u\u010desnice \u0107e imati priliku za umre\u017eavanje s kolegama i kolegicama, medijskim stru\u010dnjacima i stru\u010dnjakinjama, te predstavnicima i predstavnicama civilnog dru\u0161tva, u cilju ja\u010danja medijskog integriteta i slobode izra\u017eavanja u BiH.<\/p>\n\n\n\n<p>Kompletna agenda programa dostupna je&nbsp;<a href=\"https:\/\/www.media.ba\/sites\/default\/files\/agenda_final.pdf\"><strong>ovdje<\/strong><\/a>.<\/p>\n\n\n\n<p><strong>Ko se mo\u017ee prijaviti?<\/strong><\/p>\n\n\n\n<p><strong>\u0160kola je otvorena za novinare i novinarke koji ispunjavaju uslove:<\/strong><\/p>\n\n\n\n<ul class=\"wp-block-list\">\n<li>\u00a0 \u00a0 Profesionalno su aktivni u BiH (rade i objavljuju u BiH);<\/li>\n\n\n\n<li>\u00a0 \u00a0 Imaju najmanje godinu dana profesionalnog novinarskog iskustva;<\/li>\n\n\n\n<li>\u00a0 \u00a0 Mogu pratiti i aktivno sudjelovati u nastavi koja se odvija na engleskom jeziku;\u00a0<\/li>\n\n\n\n<li>\u00a0 \u00a0 Mogu potvrditi u\u010de\u0161\u0107e u svim komponentama programa.<\/li>\n<\/ul>\n\n\n\n<p><strong>Potrebni dokumenti za prijavu:<\/strong><\/p>\n\n\n\n<ul class=\"wp-block-list\">\n<li>\u00a0 \u00a0 CV koji uklju\u010duje najmanje tri primjera va\u0161eg rada (do dvije stranice);<\/li>\n\n\n\n<li>\u00a0 \u00a0 Motivaciono pismo koje obja\u0161njava za\u0161to \u017eelite u\u010destvovati u programu i \u0161ta o\u010dekujete da postignete (do 500 rije\u010di);<\/li>\n\n\n\n<li>\u00a0 \u00a0 Pismo preporuke od urednika, mentora ili druge relevantne osobe (sa kontaktom osobe koja je napisala preporuku);<\/li>\n\n\n\n<li>\u00a0 \u00a0 Prijedlog pri\u010de \u2013 napi\u0161ite o kojoj temi \u017eelite raditi tokom programa, za\u0161to je ona vama va\u017ena i kako joj planirate pristupiti (do 500 rije\u010di).<\/li>\n<\/ul>\n\n\n\n<p><strong>Kriteriji za odabir:<\/strong><\/p>\n\n\n\n<p>Tra\u017eimo novinare i novinarke koji su posve\u0107eni pronala\u017eenju zna\u010dajnih pri\u010da iz svojih zajednica. Prednost \u0107e imati kandidati koji su pokazali profesionalnu odgovornost i posve\u0107enost proefsionalnom usavr\u0161avanju.<\/p>\n\n\n\n<p><strong>Napomena:<\/strong>&nbsp;Kandidati i kandidatkinje u procesu selekcije mogu biti pozvani na intervju.<\/p>\n\n\n\n<p><strong>Dodatne informacije:<\/strong><\/p>\n\n\n\n<ul class=\"wp-block-list\">\n<li>\u00a0 \u00a0 Za u\u010de\u0161\u0107e u programu \u0107e biti odabrano najvi\u0161e 20 u\u010desnika\/u\u010desnica;<\/li>\n\n\n\n<li>\u00a0 \u00a0 Tro\u0161kovi putovanja i smje\u0161taja za u\u010desnike koji dolaze izvan Sarajeva bit \u0107e pokriveni;\u00a0<\/li>\n\n\n\n<li>\u00a0 \u00a0 Bi\u0107e dodijeljeno ukupno 20 stipendija u iznosu od 500,00 KM za produkciju pri\u010da sa mentorom;<\/li>\n\n\n\n<li>\u00a0 \u00a0 U\u010desnici \u0107e imati pristup Digitalnom arhivu Infobiro tokom trajanja programa;<\/li>\n\n\n\n<li>\u00a0 \u00a0 Radni jezici su engleski i bosanski\/hrvatski\/srpski te je za u\u010de\u0161\u0107e u programu obavezno poznavanje oba jezika.<\/li>\n<\/ul>\n\n\n\n<p>Prijavom se u\u010desnici i u\u010desnice obavezuju na puno i aktivno u\u010de\u0161\u0107e u svim komponentama programa, uklju\u010duju\u0107i prisustvo na susretima u\u017eivo u Sarajevu i mentorski rad. Sve proizvedene pri\u010de bit \u0107e objavljene u publikaciji Mediacentra, koju \u0107e urediti nagra\u0111ivani novinar i urednik Boro Konti\u0107.<\/p>\n\n\n\n<p><strong>Rok za prijavu: 30.6.2025. (do pono\u0107i)<\/strong><\/p>\n\n\n\n<p>Za dodatne informacije pi\u0161ite na: <a href=\"mailto:tarik.mocevic@media.ba\">tarik.mocevic@media.ba<\/a><\/p>\n\n\n\n<p><strong>Prijave se dostavljaju na engleskom jeziku. Potrebno je popuniti <a href=\"https:\/\/www.media.ba\/sites\/default\/files\/application_form_-_mediacentar_school_of_journalistic_excellence_0.docx\">aplikacionu formu<\/a><\/strong> i prilo\u017eiti&nbsp; prate\u0107e dokumenate (CV, motivaciono pismo i pismo preporuke) putem e-mail adrese: <a href=\"mailto:prijave@media.ba\">prijave@media.ba<\/a>.U nazivu mejla potrebno je navesti \u201cPrijava za \u0160kolu novinarske izvrsnosti Mediacentra Sarajevo\u201d.<\/p>\n\n\n\n<p><em>Ovaj program je dio projekta \u201eReforme za medijski integritet i slobodu govora\u201c, koji finansiraju Evropska unija i Ambasada Kraljevine Nizozemske u BiH, a zajedni\u010dki provode Mediacentar Sarajevo, Vije\u0107e za \u0161tampu i online medije u BiH i Udru\u017eenje &#8220;JaBiHEU&#8221;. Sadr\u017eaj programa je isklju\u010diva odgovornost Fondacije Mediacentar Sarajevo i ne odra\u017eava nu\u017eno stavove Evropske unije i Ambasade Kraljevine Nizozemske u BiH.<\/em><\/p>\n\n\n\n<figure class=\"wp-block-image size-full\"><img loading=\"lazy\" decoding=\"async\" width=\"800\" height=\"1000\" src=\"http:\/\/www.mladibl.com\/wp-content\/uploads\/2025\/06\/Javni-poziv-za-prijave_-Skola-novinarske-izvrsnosti.jpg\" alt=\"Javni poziv za prijave: \u0160kola novinarske izvrsnosti\" class=\"wp-image-46964\" srcset=\"https:\/\/www.mladibl.com\/wp-content\/uploads\/2025\/06\/Javni-poziv-za-prijave_-Skola-novinarske-izvrsnosti.jpg 800w, https:\/\/www.mladibl.com\/wp-content\/uploads\/2025\/06\/Javni-poziv-za-prijave_-Skola-novinarske-izvrsnosti-240x300.jpg 240w, https:\/\/www.mladibl.com\/wp-content\/uploads\/2025\/06\/Javni-poziv-za-prijave_-Skola-novinarske-izvrsnosti-768x960.jpg 768w\" sizes=\"auto, (max-width: 800px) 100vw, 800px\" \/><\/figure>\n\n\n\n<p>Preuzeto sa: <a href=\"https:\/\/www.media.ba\/bs\/event\/javni-poziv-za-prijave-mediacentrova-skola-novinarske-izvrsnosti\" target=\"_blank\" rel=\"noreferrer noopener\">media.ba<\/a><\/p>\n","protected":false},"excerpt":{"rendered":"<p>Trening Sarajevo Bosnia and Herzegovina \u0160kola novinarske izvrsnosti Mediacentra je novi tromjese\u010dni edukativni program osmi\u0161ljen s ciljem da pomogne novinarima<\/p>\n","protected":false},"author":1,"featured_media":46964,"comment_status":"closed","ping_status":"open","sticky":false,"template":"","format":"standard","meta":{"om_disable_all_campaigns":false,"_monsterinsights_skip_tracking":false,"_monsterinsights_sitenote_active":false,"_monsterinsights_sitenote_note":"","_monsterinsights_sitenote_category":0,"footnotes":""},"categories":[4],"tags":[14274],"class_list":["post-46979","post","type-post","status-publish","format-standard","has-post-thumbnail","hentry","category-edukacija","tag-skola-novinarske-izvrsnosti"],"jetpack_featured_media_url":"https:\/\/www.mladibl.com\/wp-content\/uploads\/2025\/06\/Javni-poziv-za-prijave_-Skola-novinarske-izvrsnosti.jpg","amp_enabled":true,"_links":{"self":[{"href":"https:\/\/www.mladibl.com\/index.php?rest_route=\/wp\/v2\/posts\/46979","targetHints":{"allow":["GET"]}}],"collection":[{"href":"https:\/\/www.mladibl.com\/index.php?rest_route=\/wp\/v2\/posts"}],"about":[{"href":"https:\/\/www.mladibl.com\/index.php?rest_route=\/wp\/v2\/types\/post"}],"author":[{"embeddable":true,"href":"https:\/\/www.mladibl.com\/index.php?rest_route=\/wp\/v2\/users\/1"}],"replies":[{"embeddable":true,"href":"https:\/\/www.mladibl.com\/index.php?rest_route=%2Fwp%2Fv2%2Fcomments&post=46979"}],"version-history":[{"count":1,"href":"https:\/\/www.mladibl.com\/index.php?rest_route=\/wp\/v2\/posts\/46979\/revisions"}],"predecessor-version":[{"id":46980,"href":"https:\/\/www.mladibl.com\/index.php?rest_route=\/wp\/v2\/posts\/46979\/revisions\/46980"}],"wp:featuredmedia":[{"embeddable":true,"href":"https:\/\/www.mladibl.com\/index.php?rest_route=\/wp\/v2\/media\/46964"}],"wp:attachment":[{"href":"https:\/\/www.mladibl.com\/index.php?rest_route=%2Fwp%2Fv2%2Fmedia&parent=46979"}],"wp:term":[{"taxonomy":"category","embeddable":true,"href":"https:\/\/www.mladibl.com\/index.php?rest_route=%2Fwp%2Fv2%2Fcategories&post=46979"},{"taxonomy":"post_tag","embeddable":true,"href":"https:\/\/www.mladibl.com\/index.php?rest_route=%2Fwp%2Fv2%2Ftags&post=46979"}],"curies":[{"name":"wp","href":"https:\/\/api.w.org\/{rel}","templated":true}]}}