{"id":46958,"date":"2025-06-16T20:00:40","date_gmt":"2025-06-16T18:00:40","guid":{"rendered":"https:\/\/www.mladibl.com\/?p=46958"},"modified":"2025-06-16T20:00:46","modified_gmt":"2025-06-16T18:00:46","slug":"banjaluka-dobija-studentski-park-kod-pravnog-fakulteta","status":"publish","type":"post","link":"https:\/\/www.mladibl.com\/?p=46958","title":{"rendered":"Banjaluka dobija &#8220;Studentski park&#8221; kod Pravnog fakulteta"},"content":{"rendered":"\n<p>Grad na Vrbasu dobija jo\u0161 jednu oazu za u\u017eivanje i to kod Pravnog fakulteta, a osim amfiteatra, odnosno ljetne pozornice, Studentski park \u0107e imati i druge sadr\u017eaje poput \u0161etali\u0161ta, rekreativne zone i dje\u010dijeg igrali\u0161ta.<\/p>\n\n\n\n<p>Radove na ovoj lokaciji obi\u0161ao je i Dra\u0161ko Stanivukovi\u0107, gradona\u010delnik Banjaluke, isti\u010du\u0107i da \u0107e ovaj park biti simbol kulture, sje\u0107anja i zajedni\u0161tva.<\/p>\n\n\n\n<p>&#8220;Prostor koji je nekada bio zapu\u0161ten i koji su neki poku\u0161ali da otu\u0111e, sa\u010duvali smo za na\u0161 grad i za sve nas. Na povr\u0161ini od 15.000 kvadratnih metara po\u010deli smo gradnju ljetne pozornice, zona za rekreaciju, dje\u010dijeg igrali\u0161ta i mnogobrojnih sadr\u017eaja, kao i spomen-obilje\u017eja posve\u0107enog stradalim studentima i radnicima Univerziteta u Banjaluci u Odbrambeno-otad\u017ebinskom ratu. To je na\u0161a obaveza, ponos i istina&#8221;, poru\u010dio je on.<\/p>\n\n\n\n<p>U centralnom dijelu parka bi\u0107e izgra\u0111en amfiteatar \u2013 ljetna scena na otvorenom, sa prate\u0107im prostorijama za izvo\u0111a\u010de i sanitarnim \u010dvorovima, potpuno uklopljena u prirodni ambijent obale Vrbasa.<\/p>\n\n\n\n<p>&#8220;Pje\u0161a\u010dke i biciklisti\u010dke staze vodi\u0107e do dje\u010dijeg igrali\u0161ta, rekreativnih zona, \u010desme i same obale, koja \u0107e izlaziti na \u0161etali\u0161te u dva nivoa. Jedan dio \u0161etali\u0161ta bi\u0107e odmah uz sam Vrbas, a drugi ne\u0161to vi\u0161e, sa kojim \u0107e biti povezano ambijentalnim tribinama za sjedenje, dru\u017eenje i pjesmu. Cijeli prostor, od Gradskog do Venecija mosta, bi\u0107e povezan u jednu cjelinu, okru\u017een zelenilom i ure\u0111en po mjeri porodice, djece i svih koji vole svoj grad. Ovo je pobjeda vizije nad nemarom i interesima pojedinaca. Ovo je Banjaluka koja zna \u0161ta \u010duva, \u0161ta gradi i kojim putem ide&#8221;, rekao je Stanivukovi\u0107.<\/p>\n\n\n\n<p>Preuzeto sa: <a href=\"https:\/\/www.nezavisne.com\/novosti\/banjaluka\/Banjaluka-dobija-Studentski-park-kod-Pravnog-fakulteta-FOTO\/910624\" target=\"_blank\" rel=\"noreferrer noopener\">nezavisne.com<\/a><\/p>\n","protected":false},"excerpt":{"rendered":"<p>Grad na Vrbasu dobija jo\u0161 jednu oazu za u\u017eivanje i to kod Pravnog fakulteta, a osim amfiteatra, odnosno ljetne pozornice,<\/p>\n","protected":false},"author":1,"featured_media":46969,"comment_status":"closed","ping_status":"open","sticky":false,"template":"","format":"standard","meta":{"om_disable_all_campaigns":false,"_monsterinsights_skip_tracking":false,"_monsterinsights_sitenote_active":false,"_monsterinsights_sitenote_note":"","_monsterinsights_sitenote_category":0,"footnotes":""},"categories":[2],"tags":[53,930,14270],"class_list":["post-46958","post","type-post","status-publish","format-standard","has-post-thumbnail","hentry","category-vijesti","tag-banja-luka","tag-pravni-fakultet","tag-studentski-park"],"jetpack_featured_media_url":"https:\/\/www.mladibl.com\/wp-content\/uploads\/2025\/06\/Banjaluka-dobija-_Studentski-park_-kod-Pravnog-fakulteta.jpg","amp_enabled":true,"_links":{"self":[{"href":"https:\/\/www.mladibl.com\/index.php?rest_route=\/wp\/v2\/posts\/46958","targetHints":{"allow":["GET"]}}],"collection":[{"href":"https:\/\/www.mladibl.com\/index.php?rest_route=\/wp\/v2\/posts"}],"about":[{"href":"https:\/\/www.mladibl.com\/index.php?rest_route=\/wp\/v2\/types\/post"}],"author":[{"embeddable":true,"href":"https:\/\/www.mladibl.com\/index.php?rest_route=\/wp\/v2\/users\/1"}],"replies":[{"embeddable":true,"href":"https:\/\/www.mladibl.com\/index.php?rest_route=%2Fwp%2Fv2%2Fcomments&post=46958"}],"version-history":[{"count":1,"href":"https:\/\/www.mladibl.com\/index.php?rest_route=\/wp\/v2\/posts\/46958\/revisions"}],"predecessor-version":[{"id":46970,"href":"https:\/\/www.mladibl.com\/index.php?rest_route=\/wp\/v2\/posts\/46958\/revisions\/46970"}],"wp:featuredmedia":[{"embeddable":true,"href":"https:\/\/www.mladibl.com\/index.php?rest_route=\/wp\/v2\/media\/46969"}],"wp:attachment":[{"href":"https:\/\/www.mladibl.com\/index.php?rest_route=%2Fwp%2Fv2%2Fmedia&parent=46958"}],"wp:term":[{"taxonomy":"category","embeddable":true,"href":"https:\/\/www.mladibl.com\/index.php?rest_route=%2Fwp%2Fv2%2Fcategories&post=46958"},{"taxonomy":"post_tag","embeddable":true,"href":"https:\/\/www.mladibl.com\/index.php?rest_route=%2Fwp%2Fv2%2Ftags&post=46958"}],"curies":[{"name":"wp","href":"https:\/\/api.w.org\/{rel}","templated":true}]}}