{"id":46898,"date":"2025-06-13T10:08:44","date_gmt":"2025-06-13T08:08:44","guid":{"rendered":"https:\/\/www.mladibl.com\/?p=46898"},"modified":"2025-06-13T10:08:50","modified_gmt":"2025-06-13T08:08:50","slug":"izabrano-novo-rukovodstvo-unije-studenata-republike-srpske-4","status":"publish","type":"post","link":"https:\/\/www.mladibl.com\/?p=46898","title":{"rendered":"Izabrano novo rukovodstvo Unije studenata Republike Srpske"},"content":{"rendered":"\n<p><strong>Na konstitutivnoj sjednici Unije studenata Republike Srpske, odr\u017eanoj 12. juna 2025. godine u Rektoratu Univerziteta u Banjoj Luci, za predsjednika Unije izabran je Nikola \u0160obot, student Ma\u0161inskog fakulteta Univerziteta u Banjoj Luci.<\/strong><\/p>\n\n\n\n<p>Za potpredsjednika je izabran Milan Savi\u0107, student Ekonomskog fakulteta Univerziteta u Isto\u010dnom Sarajevu, dok \u0107e funkciju generalnog sekretara obavljati Aleksandar Tanovi\u0107, student Medicinskog fakulteta Univerziteta u Isto\u010dnom Sarajevu sa sjedi\u0161tem u Fo\u010di.<\/p>\n\n\n\n<p>Du\u017enost sekretara Unije preuzeo je Ognjen Sibin\u010di\u0107, student Arhitektonsko-gra\u0111evinsko-geodetskog fakulteta Univerziteta u Banjoj Luci, a za me\u0111unarodnog sekretara izabrana je Dragana Zgonjanin, studentkinja Prirodno-matemati\u010dkog fakulteta istog univerziteta.<\/p>\n\n\n\n<p>Novoizabrani predsjednik Nikola \u0160obot istakao je da \u0107e Unija studenata i u narednom periodu biti \u201esna\u017ean glas svih studenata u Republici Srpskoj, te aktivan partner u unapre\u0111enju studentskog standarda, kvaliteta obrazovanja i uslova studiranja\u201d.<\/p>\n\n\n\n<p>,,Na\u0161a misija bi\u0107e usmjerena ka ja\u010danju saradnje sa institucijama, me\u0111unarodnoj razmjeni i umre\u017eavanju sa drugim studentskim organizacijama, ali i ka razvoju doma\u0107ih inicijativa koje \u0107e studentima omogu\u0107iti vi\u0161e prilika za profesionalno usavr\u0161avanje i li\u010dni razvoj. Vjerujem u snagu studentskog jedinstva i zajedni\u010dkim naporima \u0107emo doprinijeti da studenti budu ponosni na svoj status, ali i aktivni \u010dinioci dru\u0161tvenih promjena\u201d, naveo je \u0160obot.<\/p>\n\n\n\n<p>Ministar za nau\u010dnotehnolo\u0161ki razvoj i visoko obrazovanje doc. dr \u017deljko Budimir poru\u010dio je da je veoma va\u017eno da je studentsko organizovanje autonomno, te da ima podr\u0161ku resornog ministarstva, koje je kroz zakonsku regulativu obezbijedilo sva prava koja se odnose na studente i visoko obrazovanje.<\/p>\n\n\n\n<p>On je ocijenio da je Unija studenata krovno predstavni\u010dko tijelo studenata dva javna univerziteta u Srpskoj, koje okuplja mlade, odgovorne i kriti\u010dki nastrojene ljude.<\/p>\n\n\n\n<p>Prorektor za nau\u010dnoistra\u017eiva\u010dki rad i razvoj Univerziteta u Banjoj Luci prof. dr Aleksandar Ostoji\u0107 poru\u010dio je da formiranje novog saziva Unije nije puka procedura, ve\u0107 \u201esna\u017ena poruka da studenti \u017eele, mogu i treba da budu aktivan i odgovoran dio akademske zajednice\u201d.<\/p>\n\n\n\n<p>,,Unija studenata predstavlja glas mladih ljudi koji razmi\u0161ljaju kriti\u010dki, djeluju hrabro i te\u017ee da grade bolje uslove za svoje obrazovanje, razvoj i dru\u0161tveni anga\u017eman. Kao prorektor za nau\u010dnoistra\u017eiva\u010dki rad i razvoj, \u017eelim posebno ista\u0107i koliko je va\u017eno da mladi ljudi budu podstaknuti da se od po\u010detka studiranja uklju\u010de u nau\u010dne i istra\u017eiva\u010dke aktivnosti\u201d, istakao je Ostoji\u0107.<\/p>\n\n\n\n<p>On je dodao da Univerzitet u Banjoj Luci ula\u017ee zna\u010dajne napore da obezbijedi uslove u kojima \u0107e studenti imati priliku da u\u010destvuju u istra\u017eiva\u010dkim projektima, konferencijama, takmi\u010denjima iz inovacija i drugim oblicima nau\u010dnog anga\u017emana.<\/p>\n\n\n\n<p>,,Upravo tu vidim klju\u010dnu ulogu Unije studenata \u2013 da prepozna potencijale me\u0111u svojim kolegama, da ih ohrabri, usmjeri i pove\u017ee sa profesorima, institucijama i projektima koji mogu podr\u017eati njihov razvoj\u201d, poru\u010dio je Ostoji\u0107.<\/p>\n\n\n\n<p>Potpredsjednik Unije studenata Republike Srpske Milan Savi\u0107 istakao je da studenti dva javna univerziteta odli\u010dno sara\u0111uju, da su do sada realizovali niz zajedni\u010dkih projekata, te da \u0107e nastaviti sa novim inicijativama koje \u0107e doprinijeti pobolj\u0161anju uslova studiranja.<\/p>\n\n\n\n<p>Doga\u0111aju je prisustvovao i predsjednik sindikalne organizacije Rektorata Predrag Govedarica.<\/p>\n\n\n\n<p>Preuzeto sa: <a href=\"https:\/\/unibl.org\/sr-lat\/vesti\/2025\/06\/izabrano-novo-rukovodstvo-unije-studenata-republike-srpske\" target=\"_blank\" rel=\"noreferrer noopener\">unibl.org<\/a><\/p>\n","protected":false},"excerpt":{"rendered":"<p>Na konstitutivnoj sjednici Unije studenata Republike Srpske, odr\u017eanoj 12. juna 2025. godine u Rektoratu Univerziteta u Banjoj Luci, za predsjednika<\/p>\n","protected":false},"author":1,"featured_media":46899,"comment_status":"closed","ping_status":"open","sticky":false,"template":"","format":"standard","meta":{"om_disable_all_campaigns":false,"_monsterinsights_skip_tracking":false,"_monsterinsights_sitenote_active":false,"_monsterinsights_sitenote_note":"","_monsterinsights_sitenote_category":0,"footnotes":""},"categories":[13,2],"tags":[3020,130,858],"class_list":["post-46898","post","type-post","status-publish","format-standard","has-post-thumbnail","hentry","category-studenti","category-vijesti","tag-novo-rukovodstvo","tag-republika-srpska","tag-unija-studenata"],"jetpack_featured_media_url":"https:\/\/www.mladibl.com\/wp-content\/uploads\/2025\/06\/Izabrano-novo-rukovodstvo-Unije-studenata-Republike-Srpske.jpg","amp_enabled":true,"_links":{"self":[{"href":"https:\/\/www.mladibl.com\/index.php?rest_route=\/wp\/v2\/posts\/46898","targetHints":{"allow":["GET"]}}],"collection":[{"href":"https:\/\/www.mladibl.com\/index.php?rest_route=\/wp\/v2\/posts"}],"about":[{"href":"https:\/\/www.mladibl.com\/index.php?rest_route=\/wp\/v2\/types\/post"}],"author":[{"embeddable":true,"href":"https:\/\/www.mladibl.com\/index.php?rest_route=\/wp\/v2\/users\/1"}],"replies":[{"embeddable":true,"href":"https:\/\/www.mladibl.com\/index.php?rest_route=%2Fwp%2Fv2%2Fcomments&post=46898"}],"version-history":[{"count":1,"href":"https:\/\/www.mladibl.com\/index.php?rest_route=\/wp\/v2\/posts\/46898\/revisions"}],"predecessor-version":[{"id":46900,"href":"https:\/\/www.mladibl.com\/index.php?rest_route=\/wp\/v2\/posts\/46898\/revisions\/46900"}],"wp:featuredmedia":[{"embeddable":true,"href":"https:\/\/www.mladibl.com\/index.php?rest_route=\/wp\/v2\/media\/46899"}],"wp:attachment":[{"href":"https:\/\/www.mladibl.com\/index.php?rest_route=%2Fwp%2Fv2%2Fmedia&parent=46898"}],"wp:term":[{"taxonomy":"category","embeddable":true,"href":"https:\/\/www.mladibl.com\/index.php?rest_route=%2Fwp%2Fv2%2Fcategories&post=46898"},{"taxonomy":"post_tag","embeddable":true,"href":"https:\/\/www.mladibl.com\/index.php?rest_route=%2Fwp%2Fv2%2Ftags&post=46898"}],"curies":[{"name":"wp","href":"https:\/\/api.w.org\/{rel}","templated":true}]}}