{"id":46888,"date":"2025-06-12T00:39:18","date_gmt":"2025-06-11T22:39:18","guid":{"rendered":"https:\/\/www.mladibl.com\/?p=46888"},"modified":"2025-06-12T00:39:24","modified_gmt":"2025-06-11T22:39:24","slug":"poziv-organizacijama-civilnog-drustva-za-prikljucenje-platformi-youth-cord","status":"publish","type":"post","link":"https:\/\/www.mladibl.com\/?p=46888","title":{"rendered":"Poziv organizacijama civilnog dru\u0161tva za priklju\u010denje platformi YOUTH CORD"},"content":{"rendered":"\n<hr class=\"wp-block-separator has-alpha-channel-opacity\"\/>\n\n\n\n<p>Caritas BiH, u suradnji s Unijom organizacija osoba s invaliditetom u BiH, poziva organizacije civlinog dru\u0161tva iz BiH da se pridru\u017ee regionalnoj platformi mladih s invaliditetom &#8211; YOUTH CORD, koja \u0107e biti uspostavljena u okviru projekta CORDIAL, koji financira Europska unija.<\/p>\n\n\n\n<p>YOUTH CORD \u0107e okupiti mlade lidere i pokreta\u010de promjena iz cijele regije kako bi dijelili iskustva i znanja, ja\u010dali regionalnu suradnju i inkluziju, provodili inicijative i politike s utjecajem te zagovarali prava i prilike mladih s invaliditetom.&nbsp;<\/p>\n\n\n\n<p>Platforma \u0107e se sastojati od 5 OCD-a iz:&nbsp;Bosne i Hercegovine, Kosova, Crne Gore, Sjeverne Makedonije i Srbije, koji \u0107e djelovati kao kontakt to\u010dke za svoje zemlje.<\/p>\n\n\n\n<p>Vi\u0161e informacija o pozivu na engleskom jeziku mo\u017eete prona\u0107i u <a href=\"https:\/\/caritas.ba\/upload\/file\/natjecaji\/Invitation%20letter%20.docx\">Pozivnom pismu<\/a>.<\/p>\n\n\n\n<p>Zainteresirane organizacije trebaju popuniti <a href=\"https:\/\/caritas.ba\/upload\/file\/natjecaji\/Application%20Form%20.docx\">Prijavni obrazac <\/a>i poslati ga na e-mail adresu&nbsp;<a href=\"mailto:youthcord.network@gmail.com\">youthcord.network@gmail.com<\/a>&nbsp;najkasnije do 13.lipnja 2025.godine.&nbsp;<\/p>\n\n\n\n<p>Preuzeto sa: <a href=\"https:\/\/caritas.ba\/hr\/natjecaji\/poziv-organizacijama-civilnog-drustva-za-prikljucenje-platformi-youth-cord\/2977\" target=\"_blank\" rel=\"noreferrer noopener\">caritas.ba<\/a><\/p>\n","protected":false},"excerpt":{"rendered":"<p>Caritas BiH, u suradnji s Unijom organizacija osoba s invaliditetom u BiH, poziva organizacije civlinog dru\u0161tva iz BiH da se<\/p>\n","protected":false},"author":1,"featured_media":46867,"comment_status":"closed","ping_status":"open","sticky":false,"template":"","format":"standard","meta":{"om_disable_all_campaigns":false,"_monsterinsights_skip_tracking":false,"_monsterinsights_sitenote_active":false,"_monsterinsights_sitenote_note":"","_monsterinsights_sitenote_category":0,"footnotes":""},"categories":[370],"tags":[212,354,422,355,14256],"class_list":["post-46888","post","type-post","status-publish","format-standard","has-post-thumbnail","hentry","category-ostalo","tag-civilno-drustvo","tag-organizacije","tag-platforma","tag-poziv","tag-youth-cord"],"jetpack_featured_media_url":"https:\/\/www.mladibl.com\/wp-content\/uploads\/2025\/06\/Poziv-organizacijama-civilnog-drustva-za-prikljucenje-platformi-YOUTH-CORD.jpg","amp_enabled":true,"_links":{"self":[{"href":"https:\/\/www.mladibl.com\/index.php?rest_route=\/wp\/v2\/posts\/46888","targetHints":{"allow":["GET"]}}],"collection":[{"href":"https:\/\/www.mladibl.com\/index.php?rest_route=\/wp\/v2\/posts"}],"about":[{"href":"https:\/\/www.mladibl.com\/index.php?rest_route=\/wp\/v2\/types\/post"}],"author":[{"embeddable":true,"href":"https:\/\/www.mladibl.com\/index.php?rest_route=\/wp\/v2\/users\/1"}],"replies":[{"embeddable":true,"href":"https:\/\/www.mladibl.com\/index.php?rest_route=%2Fwp%2Fv2%2Fcomments&post=46888"}],"version-history":[{"count":1,"href":"https:\/\/www.mladibl.com\/index.php?rest_route=\/wp\/v2\/posts\/46888\/revisions"}],"predecessor-version":[{"id":46889,"href":"https:\/\/www.mladibl.com\/index.php?rest_route=\/wp\/v2\/posts\/46888\/revisions\/46889"}],"wp:featuredmedia":[{"embeddable":true,"href":"https:\/\/www.mladibl.com\/index.php?rest_route=\/wp\/v2\/media\/46867"}],"wp:attachment":[{"href":"https:\/\/www.mladibl.com\/index.php?rest_route=%2Fwp%2Fv2%2Fmedia&parent=46888"}],"wp:term":[{"taxonomy":"category","embeddable":true,"href":"https:\/\/www.mladibl.com\/index.php?rest_route=%2Fwp%2Fv2%2Fcategories&post=46888"},{"taxonomy":"post_tag","embeddable":true,"href":"https:\/\/www.mladibl.com\/index.php?rest_route=%2Fwp%2Fv2%2Ftags&post=46888"}],"curies":[{"name":"wp","href":"https:\/\/api.w.org\/{rel}","templated":true}]}}