{"id":46886,"date":"2025-06-12T00:37:51","date_gmt":"2025-06-11T22:37:51","guid":{"rendered":"https:\/\/www.mladibl.com\/?p=46886"},"modified":"2025-06-12T00:37:57","modified_gmt":"2025-06-11T22:37:57","slug":"javni-poziv-s-ciljem-financiranja-malih-projekata-ocd-iz-bih-za-unaprjedenje-polozaja-osoba-s-invaliditetom","status":"publish","type":"post","link":"https:\/\/www.mladibl.com\/?p=46886","title":{"rendered":"Javni poziv s ciljem financiranja malih projekata OCD iz BiH za unaprje\u0111enje polo\u017eaja osoba s invaliditetom"},"content":{"rendered":"\n<hr class=\"wp-block-separator has-alpha-channel-opacity\"\/>\n\n\n\n<p>Caritas Bosne i Hercegovine u okviru projekta CORDIAL (Stvaranje regionalnih mogu\u0107nosti za unaprje\u0111enje inkluzija osoba s invaliditetom) koji financira Europska unija raspisuje Javni poziv s ciljem financiranja malih projekata organizacija civilnog dru\u0161tva iz BiH za unaprje\u0111enje polo\u017eaja osoba s invaliditetom.<\/p>\n\n\n\n<p>Caritas Bosne i Hercegovine u okviru projekta CORDIAL (Stvaranje regionalnih mogu\u0107nosti za unaprje\u0111enje inkluzija osoba s invaliditetom) koji financira Europska unija raspisuje Javni poziv s ciljem financiranja malih projekata organizacija civilnog dru\u0161tva iz BiH za unaprje\u0111enje polo\u017eaja osoba s invaliditetom. Prijavljeni projekti moraju doprinijeti razvoju politika i\/ili lokalne kampanje zagovaranja i ekonomskoj ili socijalnoj uklju\u010denost osoba s invaliditetom kroz razvoj usluga u zajednici.<\/p>\n\n\n\n<p>Maksimalan iznos bespovratnih sredstava po jednom odobrenom projektu 22.490 KM (11.500 EUR) za jedan odobreni projekt. To\u010dan iznos financijske potpore bit \u0107e definiran na temelju analize i opravdanja tro\u0161kova primljenih prijava.&nbsp;<\/p>\n\n\n\n<p>Organizacije koje \u017eele prijaviti projekt su obvezne preuzeti projektnu dokumentaciju s web stranice Caritasa BiH (www.caritas.ba). Dokumentaciju u elektroni\u010dkoj verziji potrebno je poslati na e-mail adresu: natjecaj@caritas.ba s&nbsp;naslovom \u201eCORDIAL grantovi: naziv podnositelja zahtjeva\u201d. Nepotpune prijave, zatim prijave dostavljene faksom, po\u0161tom ili na bilo koji drugi na\u010din koji nije propisan ovim Pozivom ne\u0107e se razmatrati, kao ni prijave dostavljene na neodgovaraju\u0107im obrascima. Svi dokumenti trebaju biti napisani na jednom od slu\u017ebenih jezika u BiH. Svaki aplikant primit \u0107e potvrdu e-po\u0161tom u roku od tri dana od podno\u0161enja prijave.<\/p>\n\n\n\n<p>Potrebna dokumentacija:<\/p>\n\n\n\n<ul class=\"wp-block-list\">\n<li><a href=\"https:\/\/caritas.ba\/upload\/file\/natjecaji\/Prijavni%20obrazac%20A%20(1).docx\">Obrazac za prijavu A<\/a><a href=\"https:\/\/caritas.ba\/upload\/file\/natjecaji\/Prijavni%20obrazac%20A%20(2).docx\"> <\/a>\u2013 Prijedlog projekta (Word datoteka) za projekt usmjeren na razvoj politika i\/ili lokalne kampanje zagovaranja, odnosno <a href=\"https:\/\/caritas.ba\/upload\/file\/natjecaji\/Prijavni%20obrazac%20B%20(2).docx\">Obrazac za prijavu B <\/a>\u2013 Prijedlog projekta (Word datoteka) za projekt usmjeren na ekonomsko ili socijalno uklju\u010divanje osoba s invaliditetom kroz razvoj usluga u zajednici<\/li>\n\n\n\n<li><a href=\"https:\/\/caritas.ba\/upload\/file\/natjecaji\/Obrazac%20prora%C4%8Duna%20(2).xlsx\">Prora\u010dun<\/a> \u2013 Detaljan financijski plan (Excel datoteka)<\/li>\n\n\n\n<li>Izjave<\/li>\n\n\n\n<li><a href=\"https:\/\/caritas.ba\/upload\/file\/natjecaji\/Izjava%20Aplikanta%20(2).docx\">Izjava podnositelja zahtjeva<\/a> (potpisana, skeniran dokument)<\/li>\n\n\n\n<li><a href=\"https:\/\/caritas.ba\/upload\/file\/natjecaji\/Izjava%20Partnera%20(2).docx\">Izjava partnera<\/a> (potpisana, skeniran dokument)<\/li>\n\n\n\n<li>Dokumentacija o sufinanciranju (ako je primjenjivo) \u2013 Popratni dokumenti za bilo kakvo sufinanciranje iz drugih izvora<\/li>\n<\/ul>\n\n\n\n<p>Rok za podno\u0161enje projektnih prijedloga je 1. srpnja 2025. do 20:00 sati. Prijave podnesene nakon roka ne\u0107e se razmatrati. Vrijeme primitka e-po\u0161te koristit \u0107e se za potvrdu vremena podno\u0161enja projektnog prijedloga.<\/p>\n\n\n\n<p>Ako trebate dodatne informacije, svoja pitanja mo\u017eete poslati e-po\u0161tom najkasnije do 15. lipnja 2025. na adresu: <a href=\"mailto:s.hotic@caritas.ba\">s.hotic@caritas.ba<\/a><\/p>\n\n\n\n<p>Vi\u0161e informacije je dostupno u <a href=\"https:\/\/caritas.ba\/upload\/file\/natjecaji\/Javni%20poziv%20-%20smjernice%20(2).docx\">Smjernicama<\/a> za prijavu na Javni poziv.<\/p>\n\n\n\n<p>Preuzeto sa: <a href=\"https:\/\/caritas.ba\/hr\/natjecaji\/javni-poziv-za-dodjelu-grantova\/2976\" target=\"_blank\" rel=\"noreferrer noopener\">caritas.ba<\/a><\/p>\n","protected":false},"excerpt":{"rendered":"<p>Caritas Bosne i Hercegovine u okviru projekta CORDIAL (Stvaranje regionalnih mogu\u0107nosti za unaprje\u0111enje inkluzija osoba s invaliditetom) koji financira Europska<\/p>\n","protected":false},"author":1,"featured_media":46868,"comment_status":"closed","ping_status":"open","sticky":false,"template":"","format":"standard","meta":{"om_disable_all_campaigns":false,"_monsterinsights_skip_tracking":false,"_monsterinsights_sitenote_active":false,"_monsterinsights_sitenote_note":"","_monsterinsights_sitenote_category":0,"footnotes":""},"categories":[7],"tags":[491,218,1694,38],"class_list":["post-46886","post","type-post","status-publish","format-standard","has-post-thumbnail","hentry","category-grantovi","tag-grantovi","tag-javni-poziv","tag-osobe-s-invaliditetom","tag-projekti"],"jetpack_featured_media_url":"https:\/\/www.mladibl.com\/wp-content\/uploads\/2025\/06\/Javni-poziv-s-ciljem-financiranja-malih-projekata-organizacija-civilnog-drustva-iz-BiH-za-unaprjedenje-polozaja-osoba-s-invaliditetom.jpg","amp_enabled":true,"_links":{"self":[{"href":"https:\/\/www.mladibl.com\/index.php?rest_route=\/wp\/v2\/posts\/46886","targetHints":{"allow":["GET"]}}],"collection":[{"href":"https:\/\/www.mladibl.com\/index.php?rest_route=\/wp\/v2\/posts"}],"about":[{"href":"https:\/\/www.mladibl.com\/index.php?rest_route=\/wp\/v2\/types\/post"}],"author":[{"embeddable":true,"href":"https:\/\/www.mladibl.com\/index.php?rest_route=\/wp\/v2\/users\/1"}],"replies":[{"embeddable":true,"href":"https:\/\/www.mladibl.com\/index.php?rest_route=%2Fwp%2Fv2%2Fcomments&post=46886"}],"version-history":[{"count":1,"href":"https:\/\/www.mladibl.com\/index.php?rest_route=\/wp\/v2\/posts\/46886\/revisions"}],"predecessor-version":[{"id":46887,"href":"https:\/\/www.mladibl.com\/index.php?rest_route=\/wp\/v2\/posts\/46886\/revisions\/46887"}],"wp:featuredmedia":[{"embeddable":true,"href":"https:\/\/www.mladibl.com\/index.php?rest_route=\/wp\/v2\/media\/46868"}],"wp:attachment":[{"href":"https:\/\/www.mladibl.com\/index.php?rest_route=%2Fwp%2Fv2%2Fmedia&parent=46886"}],"wp:term":[{"taxonomy":"category","embeddable":true,"href":"https:\/\/www.mladibl.com\/index.php?rest_route=%2Fwp%2Fv2%2Fcategories&post=46886"},{"taxonomy":"post_tag","embeddable":true,"href":"https:\/\/www.mladibl.com\/index.php?rest_route=%2Fwp%2Fv2%2Ftags&post=46886"}],"curies":[{"name":"wp","href":"https:\/\/api.w.org\/{rel}","templated":true}]}}