{"id":46756,"date":"2025-06-06T07:18:52","date_gmt":"2025-06-06T05:18:52","guid":{"rendered":"https:\/\/www.mladibl.com\/?p=46756"},"modified":"2025-06-06T07:31:56","modified_gmt":"2025-06-06T05:31:56","slug":"radionica-cirkularna-ekonomija-nije-trend-vec-potreba-bice-13-juna","status":"publish","type":"post","link":"https:\/\/www.mladibl.com\/?p=46756","title":{"rendered":"Radionica &#8220;Cirkularna ekonomija nije trend ve\u0107 potreba&#8221; bi\u0107e 13. juna"},"content":{"rendered":"\n<p>Helsin\u0161ki parlament gra\u0111ana Banja Luka u aprilu 2025. zapo\u010deo je rad na projektu \u201eFashioning A Just Transition\u201d ili u na\u0161em prevodu \u201eKrojenje pravedne tranzicije\u201c, kao jedna od partnerskih organizacija me\u0111unarodne mre\u017ee \u201eClean Clothes Campaign\u201c koja se zala\u017ee za pobolj\u0161anje uslova rada i prava radnica i radnika u globalnoj modnoj i tekstilnoj industriji, uz podr\u0161ku Evropske unije.<\/p>\n\n\n\n<p>Projekat ima za cilj da otvori va\u017ene teme koje se ti\u010du tekstilne industrije, njenih posljedica na \u017eivotnu sredinu i ljudska prava, posebno prava radnica, mladih i djece. Kroz niz pa\u017eljivo osmi\u0161ljenih aktivnosti, na kojima \u0107e edukatori biti stru\u010dnjaci\/kinje, \u017eelimo inspirisati promjene koje vode ka pravednijoj modnoj industriji.<\/p>\n\n\n\n<p>Aktivnosti su:<\/p>\n\n\n\n<p><strong>Radionice za mlade<\/strong> \u2013 u\u010desnici \u0107e imati priliku da se informi\u0161u i diskutuju o \u0161tetnim aspektima modne industrije, kao \u0161to je tekstilni otpad, njenom uticaju na klimatske promjene, va\u017enosti recikla\u017ee, odr\u017eivih navika i prelaska na &nbsp;pametniju potro\u0161nju i cirkularnu modu. Pitanje koje postavljamo zajedno: Da li smo spremni da mijenjamo na\u010din na koji kupujemo odje\u0107u, obu\u0107u &nbsp;i odnosimo se prema planeti?<\/p>\n\n\n\n<p>Prva radionica bi\u0107e odr\u017eana u Banjaluci 13.juna, od 17 do 19 \u010dasova, a edukatorica je Milica Kon\u010dar, stru\u010dnjakinja iz oblasti cirkularne ekonomije.<\/p>\n\n\n\n<figure class=\"wp-block-image\"><a href=\"https:\/\/hcabl.org\/wp-content\/uploads\/2025\/06\/workshop-1_VIZUAL.png\"><img decoding=\"async\" src=\"https:\/\/hcabl.org\/wp-content\/uploads\/2025\/06\/workshop-1_VIZUAL.png\" alt=\"\" class=\"wp-image-12008\"\/><\/a><\/figure>\n\n\n\n<p>&nbsp;Zatim slijede:<\/p>\n\n\n\n<p><strong>\u201c\u017denski razgovori\u201d<\/strong> sa zaposlenicama u tekstilnoj industriji, na kojima \u0107emo imati priliku \u010duti autenti\u010dne pri\u010de \u017eena koje rade u ovom sektoru, otvaraju\u0107i prostor za razumijevanje izazova s kojima se suo\u010davaju i sagledavanje potreba za ekonomskom i socijalnom pravdom.<\/p>\n\n\n\n<p><strong>Zagovara\u010dke aktivnosti i umre\u017eavanje<\/strong> \u2013 U projekat \u0107e biti uklju\u010deni klju\u010dni akteri dru\u0161tva: novinari, influenseri, eko i feministi\u010dke organizacije, sindikati, \u0161kole i donosioci odluka. Na\u0161 cilj je stvaranje zajedni\u010dkog pristupa u rje\u0161avanju izazova koji se ti\u010du ove tematike u Bosni i Hercegovini.<\/p>\n\n\n\n<p>Za\u0161to je ovaj projekat va\u017ean?<\/p>\n\n\n\n<p>Tekstilna industrija je jedan od najve\u0107ih zaga\u0111iva\u010da na svijetu. Na\u0161 projekat stavlja sna\u017ean akcenat na podizanje svijesti o njenoj ulozi u klimatskoj krizi, ali i na potrebu za prelazak na zelene, odr\u017eive tehnologije. Kroz promociju odgovorne potro\u0161nje, promjene modnih navika, recikla\u017eu i ponovne upotrebe odje\u0107e, radimo na oblikovanju budu\u0107nosti u kojoj su socijalna pravda i za\u0161tita planete podjednako va\u017ene.<\/p>\n\n\n\n<p>\u201eFashioning A Just Transition\u201d podr\u017eava ideju pravedne tranzicije i zajedno krojimo modnu industriju koja po\u0161tuje ljude i \u017eivotnu sredinu.<\/p>\n\n\n\n<p>Preuzeto sa: <a href=\"https:\/\/hcabl.org\/radionica-cirkularna-ekonomija-nije-trend-vec-potreba-bice-13-juna\/\" target=\"_blank\" rel=\"noreferrer noopener\">hcabl.org<\/a><\/p>\n","protected":false},"excerpt":{"rendered":"<p>Helsin\u0161ki parlament gra\u0111ana Banja Luka u aprilu 2025. zapo\u010deo je rad na projektu \u201eFashioning A Just Transition\u201d ili u na\u0161em<\/p>\n","protected":false},"author":1,"featured_media":46735,"comment_status":"closed","ping_status":"open","sticky":false,"template":"","format":"standard","meta":{"om_disable_all_campaigns":false,"_monsterinsights_skip_tracking":false,"_monsterinsights_sitenote_active":false,"_monsterinsights_sitenote_note":"","_monsterinsights_sitenote_category":0,"footnotes":""},"categories":[4,8692],"tags":[4716,23],"class_list":["post-46756","post","type-post","status-publish","format-standard","has-post-thumbnail","hentry","category-edukacija","category-izdvajamo","tag-cirkularna-ekonomija","tag-radionica"],"jetpack_featured_media_url":"https:\/\/www.mladibl.com\/wp-content\/uploads\/2025\/06\/RADIONICA-CIRKULARNA-EKONOMIJA-NIJE-TREND-VEC-POTREBA-BICE-13.JUNA_.jpg","amp_enabled":true,"_links":{"self":[{"href":"https:\/\/www.mladibl.com\/index.php?rest_route=\/wp\/v2\/posts\/46756","targetHints":{"allow":["GET"]}}],"collection":[{"href":"https:\/\/www.mladibl.com\/index.php?rest_route=\/wp\/v2\/posts"}],"about":[{"href":"https:\/\/www.mladibl.com\/index.php?rest_route=\/wp\/v2\/types\/post"}],"author":[{"embeddable":true,"href":"https:\/\/www.mladibl.com\/index.php?rest_route=\/wp\/v2\/users\/1"}],"replies":[{"embeddable":true,"href":"https:\/\/www.mladibl.com\/index.php?rest_route=%2Fwp%2Fv2%2Fcomments&post=46756"}],"version-history":[{"count":1,"href":"https:\/\/www.mladibl.com\/index.php?rest_route=\/wp\/v2\/posts\/46756\/revisions"}],"predecessor-version":[{"id":46757,"href":"https:\/\/www.mladibl.com\/index.php?rest_route=\/wp\/v2\/posts\/46756\/revisions\/46757"}],"wp:featuredmedia":[{"embeddable":true,"href":"https:\/\/www.mladibl.com\/index.php?rest_route=\/wp\/v2\/media\/46735"}],"wp:attachment":[{"href":"https:\/\/www.mladibl.com\/index.php?rest_route=%2Fwp%2Fv2%2Fmedia&parent=46756"}],"wp:term":[{"taxonomy":"category","embeddable":true,"href":"https:\/\/www.mladibl.com\/index.php?rest_route=%2Fwp%2Fv2%2Fcategories&post=46756"},{"taxonomy":"post_tag","embeddable":true,"href":"https:\/\/www.mladibl.com\/index.php?rest_route=%2Fwp%2Fv2%2Ftags&post=46756"}],"curies":[{"name":"wp","href":"https:\/\/api.w.org\/{rel}","templated":true}]}}