{"id":4674,"date":"2020-12-08T10:15:21","date_gmt":"2020-12-08T08:15:21","guid":{"rendered":"http:\/\/www.mladibl.com\/?p=4674"},"modified":"2020-12-08T10:15:24","modified_gmt":"2020-12-08T08:15:24","slug":"predstavljen-portal-za-mlade-preduzetnike","status":"publish","type":"post","link":"https:\/\/www.mladibl.com\/?p=4674","title":{"rendered":"Predstavljen portal za mlade preduzetnike"},"content":{"rendered":"\n<p>Danijel Petrovi\u0107, direktor Fondacije AGORA i menad\u017eer projekta \u201eJA PREDUZETNIK\u201c rekao je da je osnovni cilj projekta da pru\u017ei cjelovitu podr\u0161ku mladima na njihovom putu u pretvaranju biznis ideje u djelo.<\/p>\n\n\n\n<p>Fondacija AGORA danas je odr\u017eala konferenciju za medije povodom po\u010detka projekta \u201eJA PREDUZETNIK\u201c koji relizuju sa UG \u201eADASTRA\u201c uz podr\u0161ku Ameri\u010dke ambasade u Bosni i Hercegovini kroz BOLD program i Ministarstva porodice, omladine i sporta Repubike Srpske.<\/p>\n\n\n\n<p>Konferenciji je prisustvovao Danijel Petrovi\u0107, izvr\u0161nini direktor Fondacije AGORA, Rami Blair, zamjenik direktora kancelarije Ameri\u010dke ambasade u BiH u Banjoj Luci i Branka Male\u0161evi\u0107, pomo\u0107nik ministra za omladinu u Vladi Republike Srpske.<\/p>\n\n\n\n<p>Danijel Petrovi\u0107, direktor Fondacije AGORA i menad\u017eer projekta \u201eJA PREDUZETNIK\u201c rekao je da je osnovni cilj projekta da pru\u017ei cjelovitu podr\u0161ku mladima na njihovom putu u pretvaranju biznis ideje u djelo.<\/p>\n\n\n\n<p>\u201eProjekat ima za cilj da svaku mladu osobu, svakog preduzetnika u BiH i onoga koji \u0107e to tek postati podr\u017ei u izgradnji njihove karijere i izgradnji njihovih biznisa. Kroz projektne aktivnosti koje su planirane u narednih 8 mjeseci te\u017ei\u0107emo da postavimo nove standarde u izgradnji Start Up i preduzetni\u010dkog ekosistema Bosne i Hercegovine. Kroz 5 faza projekta 50 mladih lidera iz BiH ima\u0107e priliku da svoje biznis ideje unaprijede, a onih 20 najboljih da se bore za vrijedne nagrade koje \u0107e im biti odsko\u010dna daska u razvijanju njihovih biznisa\u201c, naveo je Petrovi\u0107 koji se dodatno zahvalio svim partnerima na projektu.<\/p>\n\n\n\n<p>Tako\u0111e, na konferenciji za medije, predstavljen je sajt www.japreduzetnik.com koji ima za cilj da informi\u0161e, edukuje i motivi\u0161e mlade preduzetnike u njihovim biznis idejama.<\/p>\n\n\n\n<p>Ameri\u010dka ambasada podr\u017eala je ovaj projekat jer je u njimu uvidjela inovativno rje\u0161enje u pru\u017eanju podr\u0161ke mladim liderima. Blair je istakao da Danijel utjelovljuje duh programa BOLD koji ima za cilj u\u010de\u0161\u0107e mladih u cijelom dru\u0161tvu i izgradnju nove generacije mladih preduzetnika u BiH.<\/p>\n\n\n\n<p>\u201eMladi su budu\u0107nost i po mom mi\u0161ljenju njihov uspjeh uspjeh je svih gra\u0111ana. Bosna i Hercegovina ne mo\u017ee napredovati na svom euroatlanstkom putu bez nove generacije. S obzirom na to, ovaj projekat osvjetljava sve ono \u0161to je mogu\u0107e u privredi. To je potrebno sada po\u0161to sve vi\u0161e mladih odlu\u010duje i\u0107i \u201etrbuhom za kruhom\u201c. Ja preduzetnik nudi odli\u010dne resurse svima koji su zainteresovani za preduzetni\u0161tvo. Ovo nije samo mre\u017ea gdje mladii mogu podijeliti svoja iskustva, ve\u0107  sistem podr\u0161ke u kome u\u010destvuju uspje\u0161ni i talentovani biznismeni.\u201c Rekao je Rami Blair, pomo\u0107nik direktora kancelarije Ameri\u010dke ambasade BiH u Banjoj Luci.<\/p>\n\n\n\n<p>Strate\u0161ka i sistemska podr\u0161ka  za mlade uvijek je dolazila iz resornog ministarstva. Ovaj projekat jedan je od 13 projekata koje je podr\u017ealo Ministarstvo porodice, omladine i sporta, a koji za cilj imaju unapre\u0111enje zapo\u0161ljivosti mladih.<\/p>\n\n\n\n<p>\u201eVlada Republike Srpske preduzima niz koraka kako da podstakne zapo\u0161ljavanje mladih i ali i da pru\u017ea podr\u0161ku razvoju preduzetni\u0161tva Republike Srpske. Postoji preduzetni\u010dki portal Republike Srpske, me\u0111utim do sada nije bilo ne\u010deg prilago\u0111enog isklju\u010divo mladima i zato mislim da je ova inovativna ideja izuzetno va\u017ena  jer mladi ljudi \u010desto ne znaju gdje da se obrate, gdje da svoju ideju plarsiraju i na koji na\u010din da pokrenu svoj biznis. Stoga mislim da je ovo najbolji na\u010din mladima, \u010dak i studentima da se na jednom mjestu upoznaju kako da ste\u010dena znanja primjene i na druga\u010diji na\u010din. Da ne tra\u017ee posao kod poslodavca, ve\u0107 da pokrenu neku svoju ideju.<br>\nNapredak RS i cijele dr\u017eave je prvenstveno na mladima, nove inovativne ideje i rje\u0161enja mogu donijeti upravo mladi i treba ih podr\u017eati i ministarstvo \u0107e uvijek biti tu za njih. \u201e istakla je Branka Male\u0161evi\u0107, pomo\u0107nik ministra za omladinu Republike Srpske, za medije.<\/p>\n\n\n\n<p>U sklopu projekta planirano je i snimanje TV serijala o preduzetni\u0161tvu, ali i program edukacije 50 mladih preduzetnika i finalno takmi\u010denje za 20 najboljih polaznika programa.<\/p>\n\n\n\n<p>Preuzeto sa: <a href=\"https:\/\/www.6yka.com\/novosti\/predstavljen-portal-za-mlade-preduzetnike\" target=\"_blank\" rel=\"noreferrer noopener\" aria-label=\"6yka (opens in a new tab)\">6yka<\/a><\/p>\n","protected":false},"excerpt":{"rendered":"<p>Danijel Petrovi\u0107, direktor Fondacije AGORA i menad\u017eer projekta \u201eJA PREDUZETNIK\u201c rekao je da je osnovni cilj projekta da pru\u017ei cjelovitu<\/p>\n","protected":false},"author":1,"featured_media":4675,"comment_status":"closed","ping_status":"open","sticky":false,"template":"","format":"standard","meta":{"om_disable_all_campaigns":false,"_monsterinsights_skip_tracking":false,"_monsterinsights_sitenote_active":false,"_monsterinsights_sitenote_note":"","_monsterinsights_sitenote_category":0,"footnotes":""},"categories":[449],"tags":[2351,2352,33,1781,288],"class_list":["post-4674","post","type-post","status-publish","format-standard","has-post-thumbnail","hentry","category-organizacije","tag-fondacija-agora","tag-ja-preduzetnik","tag-mladi","tag-portal","tag-preduzetnici"],"jetpack_featured_media_url":"https:\/\/www.mladibl.com\/wp-content\/uploads\/2020\/12\/Predstavljen-portal-za-mlade-preduzetnike.jpg","amp_enabled":true,"_links":{"self":[{"href":"https:\/\/www.mladibl.com\/index.php?rest_route=\/wp\/v2\/posts\/4674","targetHints":{"allow":["GET"]}}],"collection":[{"href":"https:\/\/www.mladibl.com\/index.php?rest_route=\/wp\/v2\/posts"}],"about":[{"href":"https:\/\/www.mladibl.com\/index.php?rest_route=\/wp\/v2\/types\/post"}],"author":[{"embeddable":true,"href":"https:\/\/www.mladibl.com\/index.php?rest_route=\/wp\/v2\/users\/1"}],"replies":[{"embeddable":true,"href":"https:\/\/www.mladibl.com\/index.php?rest_route=%2Fwp%2Fv2%2Fcomments&post=4674"}],"version-history":[{"count":1,"href":"https:\/\/www.mladibl.com\/index.php?rest_route=\/wp\/v2\/posts\/4674\/revisions"}],"predecessor-version":[{"id":4676,"href":"https:\/\/www.mladibl.com\/index.php?rest_route=\/wp\/v2\/posts\/4674\/revisions\/4676"}],"wp:featuredmedia":[{"embeddable":true,"href":"https:\/\/www.mladibl.com\/index.php?rest_route=\/wp\/v2\/media\/4675"}],"wp:attachment":[{"href":"https:\/\/www.mladibl.com\/index.php?rest_route=%2Fwp%2Fv2%2Fmedia&parent=4674"}],"wp:term":[{"taxonomy":"category","embeddable":true,"href":"https:\/\/www.mladibl.com\/index.php?rest_route=%2Fwp%2Fv2%2Fcategories&post=4674"},{"taxonomy":"post_tag","embeddable":true,"href":"https:\/\/www.mladibl.com\/index.php?rest_route=%2Fwp%2Fv2%2Ftags&post=4674"}],"curies":[{"name":"wp","href":"https:\/\/api.w.org\/{rel}","templated":true}]}}