{"id":46712,"date":"2025-06-03T22:45:05","date_gmt":"2025-06-03T20:45:05","guid":{"rendered":"https:\/\/www.mladibl.com\/?p=46712"},"modified":"2025-06-03T22:45:10","modified_gmt":"2025-06-03T20:45:10","slug":"muzej-savremene-umjetnosti-republike-srpske-promocija-prvog-regionalnog-izdanja-casopisa-ogled","status":"publish","type":"post","link":"https:\/\/www.mladibl.com\/?p=46712","title":{"rendered":"Muzej savremene umjetnosti Republike Srpske: Promocija prvog regionalnog izdanja \u010dasopisa (O)gled"},"content":{"rendered":"\n<hr class=\"wp-block-separator has-alpha-channel-opacity\"\/>\n\n\n\n<p>U srijedu, 4. juna u 19 \u010dasova u Muzeju savremene umjetnosti Republike Srpske bi\u0107e odr\u017eana promocija prvog regionalnog izdanja \u010dasopisa (O)gled, nastalog kroz saradnju Muzeja i organizacije \u201cAnonymous said:\u201d uz podr\u0161ku British Council-a u okviru projekta \u201eKultura i kreativnost za Zapadni Balkan\u201c. (O)gled ispituje nove kategorije pristupa savremenoj umjetni\u010dkoj praksi i \u0161iroj kulturolo\u0161koj i dru\u0161tvenoj analizi umjetni\u010dke produkcije.<\/p>\n\n\n\n<p>-\u010casopis \u0107e u Muzeju predstaviti dvojica istaknutih umjetnika \u2013 Mladen Miljanovi\u0107 i Uro\u0161 \u0110uri\u0107, \u010dije intervjue mo\u017eete pro\u010ditati u pomenutom broju, kao i Anica Tucakov, istori\u010darka umjetnosti i urednica \u010dasopisa i prof. dr Sarita Vujkovi\u0107, muzejska savjetnica i ko-urednica \u010dasopisa \u2013 saop\u0161tili su iz Muzeja.<\/p>\n\n\n\n<p>Regionalno izdanje \u010dasopisa (O)gled posve\u0107eno je promi\u0161ljanju savremene umjetnosti, \u010dime u\u010destvuje u dijalogu koji se stvara izme\u0111u umjetnika, teoreti\u010dara, kriti\u010dara i kustosa iz zemalja Zapadnog Balkana. Prvo regionalno izdanje tematizuje umjetni\u010dke prakse u vremenu vi\u0161estrukih kriza \u2013 od geopoliti\u010dkih i ekolo\u0161kih do onih izazvanih novim tehnologijama i vje\u0161ta\u010dkom inteligencijom.<\/p>\n\n\n\n<figure class=\"wp-block-image size-full\"><img loading=\"lazy\" decoding=\"async\" width=\"800\" height=\"1000\" src=\"http:\/\/www.mladibl.com\/wp-content\/uploads\/2025\/06\/Promocija-prvog-regionalnog-izdanja-casopisa-Ogled.jpg\" alt=\"Muzej savremene umjetnosti Republike Srpske: Promocija prvog regionalnog izdanja \u010dasopisa (O)gled\" class=\"wp-image-46709\" srcset=\"https:\/\/www.mladibl.com\/wp-content\/uploads\/2025\/06\/Promocija-prvog-regionalnog-izdanja-casopisa-Ogled.jpg 800w, https:\/\/www.mladibl.com\/wp-content\/uploads\/2025\/06\/Promocija-prvog-regionalnog-izdanja-casopisa-Ogled-240x300.jpg 240w, https:\/\/www.mladibl.com\/wp-content\/uploads\/2025\/06\/Promocija-prvog-regionalnog-izdanja-casopisa-Ogled-768x960.jpg 768w\" sizes=\"auto, (max-width: 800px) 100vw, 800px\" \/><\/figure>\n\n\n\n<p>Preuzeto sa: <a href=\"https:\/\/www.banjaluka.rs.ba\/muzej-savremene-umjetnosti-republik\/\" target=\"_blank\" rel=\"noreferrer noopener\">banjaluka.rs.ba<\/a><\/p>\n","protected":false},"excerpt":{"rendered":"<p>U srijedu, 4. juna u 19 \u010dasova u Muzeju savremene umjetnosti Republike Srpske bi\u0107e odr\u017eana promocija prvog regionalnog izdanja \u010dasopisa<\/p>\n","protected":false},"author":1,"featured_media":46709,"comment_status":"closed","ping_status":"open","sticky":false,"template":"","format":"standard","meta":{"om_disable_all_campaigns":false,"_monsterinsights_skip_tracking":false,"_monsterinsights_sitenote_active":false,"_monsterinsights_sitenote_note":"","_monsterinsights_sitenote_category":0,"footnotes":""},"categories":[2],"tags":[2469,14219,3276,14220,450,168],"class_list":["post-46712","post","type-post","status-publish","format-standard","has-post-thumbnail","hentry","category-vijesti","tag-casopis","tag-izdanje","tag-muzej-savremene-umjetnosti","tag-ogled","tag-promocija","tag-region"],"jetpack_featured_media_url":"https:\/\/www.mladibl.com\/wp-content\/uploads\/2025\/06\/Promocija-prvog-regionalnog-izdanja-casopisa-Ogled.jpg","amp_enabled":true,"_links":{"self":[{"href":"https:\/\/www.mladibl.com\/index.php?rest_route=\/wp\/v2\/posts\/46712","targetHints":{"allow":["GET"]}}],"collection":[{"href":"https:\/\/www.mladibl.com\/index.php?rest_route=\/wp\/v2\/posts"}],"about":[{"href":"https:\/\/www.mladibl.com\/index.php?rest_route=\/wp\/v2\/types\/post"}],"author":[{"embeddable":true,"href":"https:\/\/www.mladibl.com\/index.php?rest_route=\/wp\/v2\/users\/1"}],"replies":[{"embeddable":true,"href":"https:\/\/www.mladibl.com\/index.php?rest_route=%2Fwp%2Fv2%2Fcomments&post=46712"}],"version-history":[{"count":1,"href":"https:\/\/www.mladibl.com\/index.php?rest_route=\/wp\/v2\/posts\/46712\/revisions"}],"predecessor-version":[{"id":46713,"href":"https:\/\/www.mladibl.com\/index.php?rest_route=\/wp\/v2\/posts\/46712\/revisions\/46713"}],"wp:featuredmedia":[{"embeddable":true,"href":"https:\/\/www.mladibl.com\/index.php?rest_route=\/wp\/v2\/media\/46709"}],"wp:attachment":[{"href":"https:\/\/www.mladibl.com\/index.php?rest_route=%2Fwp%2Fv2%2Fmedia&parent=46712"}],"wp:term":[{"taxonomy":"category","embeddable":true,"href":"https:\/\/www.mladibl.com\/index.php?rest_route=%2Fwp%2Fv2%2Fcategories&post=46712"},{"taxonomy":"post_tag","embeddable":true,"href":"https:\/\/www.mladibl.com\/index.php?rest_route=%2Fwp%2Fv2%2Ftags&post=46712"}],"curies":[{"name":"wp","href":"https:\/\/api.w.org\/{rel}","templated":true}]}}