{"id":46650,"date":"2025-06-02T01:41:06","date_gmt":"2025-06-01T23:41:06","guid":{"rendered":"https:\/\/www.mladibl.com\/?p=46650"},"modified":"2025-06-02T01:41:12","modified_gmt":"2025-06-01T23:41:12","slug":"oni-dolaze-koncert-saksofoniste-viktora-fedesina-u-banskom-dvoru","status":"publish","type":"post","link":"https:\/\/www.mladibl.com\/?p=46650","title":{"rendered":"&#8220;Oni dolaze&#8221;: Koncert saksofoniste Viktora Fede\u0161ina u Banskom dvoru"},"content":{"rendered":"\n<p>Koncert Viktora Fede\u0161ina (saksofon), u\u010denika Umjetni\u010dke \u0161kole &#8220;Vlado Milo\u0161evi\u0107&#8221; Banjaluka u klasi profesora Nevena Marinkovi\u0107a, bi\u0107e odr\u017ean 4. juna u 12 \u010dasova u Koncertnoj dvorani Banskog dvora, a u okviru programa &#8220;Oni dolaze&#8221;.<\/p>\n\n\n\n<p>Kako navode organizatori, na koncertu \u0107e nastupiti i profesor Neven Marinkovi\u0107, Anastasija Marjanovi\u0107 Gill &#8211; flauta, Pavle Fede\u0161in &#8211; saksofon, Marko To\u0161i\u0107 &#8211; klavir i Milica Marinkovi\u0107- klavir.<\/p>\n\n\n\n<p>&#8220;Podsje\u0107amo vas da je ciklus matine koncerata &#8216;Oni dolaze&#8217; programska aktivnost Banskog dvora i predstavlja nadogradnju vi\u0161egodi\u0161nje prakse na\u0161e ustanove da pored organizacije reprezentativnih sadr\u017eaja iz oblasti kulture i umjetnosti, aktivno i u kontinuitetu radimo na promociji na\u0161ih mladih talenata&#8221;, poja\u0161njavaju iz Banskog dvora i dodaju da kroz ciklus matine koncerata promovi\u0161emu talentovane u\u010denike muzi\u010dkih \u0161kola i studenate Akademije umjetnosti Univerziteta u Banjaluci.<\/p>\n\n\n\n<p>Besplatne pozivnice za koncert mogu se preuzeti od na biletarnici Banskog dvora, radnim danom u periodu od 12 do 18 \u010dasova.<\/p>\n\n\n\n<p>Viktor Fede\u0161in ro\u0111en je 5. januara 2006. godine u Banjaluci.<\/p>\n\n\n\n<p>Muzikom se bavi od sedme godine, a od malih nogu pokazivao je veliku ljubav prema muzici i saksofonu.<\/p>\n\n\n\n<p>Upisuje Osnovnu muzi\u010dku \u0161kolu &#8220;Vlado Milo\u0161evi\u0107&#8221; u klasi profesora Borisa Duki\u0107a, gdje ve\u0107 u najranijem uzrastu posti\u017ee zapa\u017eene rezultate na \u0161kolskim i republi\u010dkim takmi\u010denjima.<\/p>\n\n\n\n<p>Nakon osnovne \u0161kole, Viktor nastavlja obrazovanje u Srednjoj muzi\u010dkoj \u0161koli &#8220;Vlado Milo\u0161evi\u0107&#8221;, na instrumentalnom smjeru &#8211; saksofon, u klasi profesora Nevena Marinkovi\u0107a. Tokom srednjo\u0161kolskog obrazovanja ostvaruje zna\u010dajne uspjehe na me\u0111unarodnim takmi\u010denjima.<\/p>\n\n\n\n<p>Godine 2022. osvaja prvu nagradu na me\u0111unarodnom takmi\u010denju &#8220;Isidor Baji\u0107&#8221; u Novom Sadu. Uslijedile su i prve nagrade na me\u0111unarodnim takmi\u010denjima &#8220;Davorin Jenko&#8221; i &#8220;Saxperience&#8221; u Beogradu 2023. i 2024. godine.<\/p>\n\n\n\n<p>Godine 2025. u\u010destvuje na jednom od najpresti\u017enijih takmi\u010denja za duva\u010dke instrumente &#8211; Wood and Brass Competition u Vara\u017edinu, gdje osvaja tre\u0107u nagradu.<\/p>\n\n\n\n<p>Pored takmi\u010denja, Viktor aktivno u\u010destvuje na brojnim seminarima, gdje je imao priliku da radi sa istaknutim svjetskim profesorima saksofona kao \u0161to su: Nikolas Arsenijevi\u0107 (Francuska), Juikiko Ivata Kren (Austrija), Tomislav \u017du\u017eek, Goran Jurkovi\u0107 i Gordan Tudor (Hrvatska). Posebnu zahvalnost izra\u017eava profesorima Nikoli Fabijani\u0107u (Hrvatska) i Dmitru Maksimenku (Ukrajina), koji su mu, kako isti\u010de, pomogli da svoje izvo\u0111enje podigne na profesionalni nivo.<\/p>\n\n\n\n<p>Tako\u0111e veliki trud i rad duguje svom profesoru Nevenu Marinkovi\u0107u, a najve\u0107a podr\u0161ka u njegovom \u017eivotu je njegov otac Zoran Fede\u0161in.<\/p>\n\n\n\n<p>Preuzeto sa: <a href=\"https:\/\/www.nezavisne.com\/kultura\/muzika\/Oni-dolaze-Koncert-saksofoniste-Viktora-Fedesina-u-Banskom-dvoru\/906781\" target=\"_blank\" rel=\"noreferrer noopener\">nezavisne.com<\/a><\/p>\n","protected":false},"excerpt":{"rendered":"<p>Koncert Viktora Fede\u0161ina (saksofon), u\u010denika Umjetni\u010dke \u0161kole &#8220;Vlado Milo\u0161evi\u0107&#8221; Banjaluka u klasi profesora Nevena Marinkovi\u0107a, bi\u0107e odr\u017ean 4. juna u<\/p>\n","protected":false},"author":1,"featured_media":46647,"comment_status":"closed","ping_status":"open","sticky":false,"template":"","format":"standard","meta":{"om_disable_all_campaigns":false,"_monsterinsights_skip_tracking":false,"_monsterinsights_sitenote_active":false,"_monsterinsights_sitenote_note":"","_monsterinsights_sitenote_category":0,"footnotes":""},"categories":[2],"tags":[881,3536,12677,14206,14207],"class_list":["post-46650","post","type-post","status-publish","format-standard","has-post-thumbnail","hentry","category-vijesti","tag-banski-dvor","tag-koncert","tag-oni-dolaze","tag-saksofon","tag-viktor-fedesin"],"jetpack_featured_media_url":"https:\/\/www.mladibl.com\/wp-content\/uploads\/2025\/06\/Oni-dolaze__-Koncert-saksofoniste-Viktora-Fedesina-u-Banskom-dvoru.jpg","amp_enabled":true,"_links":{"self":[{"href":"https:\/\/www.mladibl.com\/index.php?rest_route=\/wp\/v2\/posts\/46650","targetHints":{"allow":["GET"]}}],"collection":[{"href":"https:\/\/www.mladibl.com\/index.php?rest_route=\/wp\/v2\/posts"}],"about":[{"href":"https:\/\/www.mladibl.com\/index.php?rest_route=\/wp\/v2\/types\/post"}],"author":[{"embeddable":true,"href":"https:\/\/www.mladibl.com\/index.php?rest_route=\/wp\/v2\/users\/1"}],"replies":[{"embeddable":true,"href":"https:\/\/www.mladibl.com\/index.php?rest_route=%2Fwp%2Fv2%2Fcomments&post=46650"}],"version-history":[{"count":1,"href":"https:\/\/www.mladibl.com\/index.php?rest_route=\/wp\/v2\/posts\/46650\/revisions"}],"predecessor-version":[{"id":46651,"href":"https:\/\/www.mladibl.com\/index.php?rest_route=\/wp\/v2\/posts\/46650\/revisions\/46651"}],"wp:featuredmedia":[{"embeddable":true,"href":"https:\/\/www.mladibl.com\/index.php?rest_route=\/wp\/v2\/media\/46647"}],"wp:attachment":[{"href":"https:\/\/www.mladibl.com\/index.php?rest_route=%2Fwp%2Fv2%2Fmedia&parent=46650"}],"wp:term":[{"taxonomy":"category","embeddable":true,"href":"https:\/\/www.mladibl.com\/index.php?rest_route=%2Fwp%2Fv2%2Fcategories&post=46650"},{"taxonomy":"post_tag","embeddable":true,"href":"https:\/\/www.mladibl.com\/index.php?rest_route=%2Fwp%2Fv2%2Ftags&post=46650"}],"curies":[{"name":"wp","href":"https:\/\/api.w.org\/{rel}","templated":true}]}}