{"id":46634,"date":"2025-05-30T14:16:27","date_gmt":"2025-05-30T12:16:27","guid":{"rendered":"https:\/\/www.mladibl.com\/?p=46634"},"modified":"2025-05-30T14:16:34","modified_gmt":"2025-05-30T12:16:34","slug":"poceo-osmi-po-redu-moto-fest-banjaluka","status":"publish","type":"post","link":"https:\/\/www.mladibl.com\/?p=46634","title":{"rendered":"Po\u010deo osmi po redu Moto Fest Banjaluka"},"content":{"rendered":"\n<p>Press konferencijom danas je na banjalu\u010dkoj tvr\u0111avi Kastel zvani\u010dno po\u010deo osmi po redu Moto Fest Banjaluka, koji \u0107e 30. i 31. maja u Banjaluku dovesti na hiljade bajkera iz zemlje i inostranstva.<\/p>\n\n\n\n<p>Prisutnim medijima obratio se Sini\u0161a Pra\u0161talo, predsjednik MK Str\u0161ljen koji ve\u0107 osmu godinu za redom uspje\u0161no organizuje jedan od najve\u0107ih doga\u0111aja ovoga tipa na Balkanu. \u201ePrvi gosti, na\u0161i prijatelji iz doma\u0107ih, ali i inostranih moto klubova stigli su jo\u0161 ju\u010de, dan prije po\u010detka ovogodi\u0161njeg Moto Festa. O\u010dekuju nas dva odli\u010dna programska dana, brojni sadr\u017eaji, od onih za najmla\u0111e koji \u0107e u\u017eivati na Dje\u010dijem Moto Festu koji \u0107e se odr\u017eati u subotu, 31. maja, do moto sajma, koji je ujedno i jedini sajam ovoga tipa u BiH, preko fantasti\u010dnih svirki u dnevnom programu uz Stringse i Jaha\u010de magle, do vrhunskog muzi\u010dkog programa na glavnoj bini gdje \u0107e nastupiti Kerber, Galija, Brkovi, Orthodox Celts, Bjesovi, Mortal Kombat. Zbog bolesti \u010dlana benda Familija, oni su na\u017ealost u poslednjem trenutku morali da otka\u017eu svoj nastup, ali sa nama je ve\u010deras sjajna ekipa iz Mortal Kombata, tako da dobre svirke i odli\u010dne atmosfere ne\u0107e nedostajati. Ne smijemo zaboraviti spomenuti ni sjajne stunt voza\u010de koji su sa nama i ove godine na \u010delu sa Matijom Podhra\u0161kim, koji \u0107e danas i sutra izvesti sjajne egzibicije i vrhunski program u okviru Extreme Day World Tour. Iskoristi\u0107u priliku da se zahvalim i ovoga puta na podr\u0161ci i saradnji MUP-u Republike Srpske i Auto-moto savezu Republike Srpske. Pozivam sve banjalu\u010dane, ali one iz drugih gradova da nam se pridru\u017ee na tvr\u0111avi Kastel, da kao pravi doma\u0107ini kako dolikuje Gradu Banjaluci do\u010dekamo sve goste koji nam sti\u017eu iz preko 30 zemalja. Poka\u017eimo zajedno da je Banjaluka grad doma\u0107in i grad bajkera.\u201c. Pra\u0161talo je za kraj napomenuo da ovaj doga\u0111aj ima i humanitarni karakter, kroz u\u010de\u0161\u0107e u humanitarnoj tomboli. Svi oni koji kupe tiket tombole od 6 KM imaju priliku da osvoje jednu od vrijednih nagrada koju su obezbjedili u\u010desnici ovogodi\u0161njeg Moto sajma, a sva sredstva koja budu prikupljena na ovaj na\u010din bi\u0107e donirana udru\u017eenju \u201eDjeca svjetlosti\u201c &#8211; Udru\u017eenje za pomo\u0107 licima sa autizmom iz Banjaluke.<\/p>\n\n\n\n<p>&#8220;AMS RS podr\u017eava odr\u017eavanje Moto festa u Banjoj Luci, a ovo veliko okupljanje motociklista \u0107emo iskoristti za zvani\u010dan po\u010detak preventivne aktivnosti \u201e Retro jeIN. Vozi naprijed, gledaj nazad\u201c koju mi tradicionalno provodimo po\u010detkom moto sezone i nastankom lijepog vremena kada na na\u0161im putevima imamo pove\u0107an broj motorizovanih dvoto\u010dka\u0161a kao \u0161to su motocikli i mopedi. Motociklisti i mopedisti spadaju u grupu ranjivih kategorija u\u010desnika u saobra\u0107aju, imaju i do 50 puta ve\u0107i rizik da u\u010destvuju u saoba\u0107ajnoj nezgodi u odnosu na voza\u010de drugih motornih vozila, a i do 30 puta ve\u0107i rizik da zadobiju te\u0161ke tjelesne povrede ili \u010dak da smrtno stradaju. Jedina njihova za\u0161tita jeste kaciga i za\u0161titna obu\u0107a i odje\u0107a <\/p>\n\n\n\n<p>U toku trajanja ove preventivne aktivnosti apelova\u0107emo na sve u\u010desnike u saobra\u0107aju, a naro\u010dito na voza\u010de drugih motornih vozila, da obrate pove\u0107anu pa\u017enju na motocikliste i mopediste, posebno pri skretanjima i promenama saobra\u0107ajnih traka, odnosno da obavezno pogledaju u retrovizore kako bi mogli pravovremeno uo\u010diti motocikliste. Ovu preventivnu aktivnost AMS RS i auto moto dru\u0161tva provodi\u0107e do 31. avgusta u saradnji sa drugim subjektima bezbjednosti saobra\u0107aja.&#8221;, istakla je Jelica Lubura ispred Auto-moto saveza Republike Srpske.<\/p>\n\n\n\n<p>Predstavnici MUP-a Republike Srpske, istakli su jo\u0161 jednom da u predstoje\u0107em periodu apeluju na sve voza\u010de i u\u010desnike u saobra\u0107aju, posebno motocikliste da po\u0161tuju saobra\u0107ajne propise i nose propisanu opremu. \u201eIskreno se nadamo da \u0107e svi u\u010desnici ispravno shvatiti ovaj apel i pokrenutu akciju AMS RS, a sve u cilju izbjegavanja ne\u017eeljenih ishoda u saobra\u0107aju\u201c.<\/p>\n\n\n\n<p>Matija Podhra\u0161ki jedan od napoznatijih svjetskih stunt voza\u010da, zahvalio je organizatorima iz MK Str\u0161ljen \u0161to su prepoznali Extreme Day World Tour kao jednu od aktivnosti i dio programa Moto Festa, ve\u0107 drugu godinu za redom. Napomenuo je da su se ove godine po prvi put na jednom mjestu okupili svi stunt voza\u010di sa Balkana (Srbija, Hrvatska, Slovenija, BiH) i da \u0107e tokom dva dana svim posjetiocima prirediti pravi show i u\u017eivanje u ekstremnim egzibicijama.<\/p>\n\n\n\n<p>Naredna dva dana, tvr\u0111ava Kastel i banjalu\u010dke ulice bi\u0107e glavno mjesto okupljanja bajkera iz zemlje i inostranstva. Tu smo da u dobrom raspolo\u017eenju i dru\u017eenju zajedno u\u017eivamo u bogatom programu ovog doga\u0111aja.<\/p>\n\n\n\n<p>Napominjemo da je ulaz za sve bajkere besplatan. Za sve one koji \u017eele da budu dio najbolje moto zabave u regiji i u\u017eivaju u odli\u010dnom koncertnom programu u ve\u010dernjim satima, ulaznice mogu da kupe na ulazu u tvr\u0111avu Kastel. Cijena jednodnevne ulaznice je 12 KM, a dvodnevne 20 KM<\/p>\n\n\n\n<p>MK STR\u0160LJEN<\/p>\n\n\n\n<p><\/p>\n","protected":false},"excerpt":{"rendered":"<p>Press konferencijom danas je na banjalu\u010dkoj tvr\u0111avi Kastel zvani\u010dno po\u010deo osmi po redu Moto Fest Banjaluka, koji \u0107e 30. i<\/p>\n","protected":false},"author":1,"featured_media":46635,"comment_status":"closed","ping_status":"open","sticky":false,"template":"","format":"standard","meta":{"om_disable_all_campaigns":false,"_monsterinsights_skip_tracking":false,"_monsterinsights_sitenote_active":false,"_monsterinsights_sitenote_note":"","_monsterinsights_sitenote_category":0,"footnotes":""},"categories":[2],"tags":[53,8718],"class_list":["post-46634","post","type-post","status-publish","format-standard","has-post-thumbnail","hentry","category-vijesti","tag-banja-luka","tag-moto-fest-2"],"jetpack_featured_media_url":"https:\/\/www.mladibl.com\/wp-content\/uploads\/2025\/05\/Poceo-osmi-po-redu-Moto-Fest-Banjaluka.jpg","amp_enabled":true,"_links":{"self":[{"href":"https:\/\/www.mladibl.com\/index.php?rest_route=\/wp\/v2\/posts\/46634","targetHints":{"allow":["GET"]}}],"collection":[{"href":"https:\/\/www.mladibl.com\/index.php?rest_route=\/wp\/v2\/posts"}],"about":[{"href":"https:\/\/www.mladibl.com\/index.php?rest_route=\/wp\/v2\/types\/post"}],"author":[{"embeddable":true,"href":"https:\/\/www.mladibl.com\/index.php?rest_route=\/wp\/v2\/users\/1"}],"replies":[{"embeddable":true,"href":"https:\/\/www.mladibl.com\/index.php?rest_route=%2Fwp%2Fv2%2Fcomments&post=46634"}],"version-history":[{"count":1,"href":"https:\/\/www.mladibl.com\/index.php?rest_route=\/wp\/v2\/posts\/46634\/revisions"}],"predecessor-version":[{"id":46636,"href":"https:\/\/www.mladibl.com\/index.php?rest_route=\/wp\/v2\/posts\/46634\/revisions\/46636"}],"wp:featuredmedia":[{"embeddable":true,"href":"https:\/\/www.mladibl.com\/index.php?rest_route=\/wp\/v2\/media\/46635"}],"wp:attachment":[{"href":"https:\/\/www.mladibl.com\/index.php?rest_route=%2Fwp%2Fv2%2Fmedia&parent=46634"}],"wp:term":[{"taxonomy":"category","embeddable":true,"href":"https:\/\/www.mladibl.com\/index.php?rest_route=%2Fwp%2Fv2%2Fcategories&post=46634"},{"taxonomy":"post_tag","embeddable":true,"href":"https:\/\/www.mladibl.com\/index.php?rest_route=%2Fwp%2Fv2%2Ftags&post=46634"}],"curies":[{"name":"wp","href":"https:\/\/api.w.org\/{rel}","templated":true}]}}