{"id":46627,"date":"2025-05-30T08:38:59","date_gmt":"2025-05-30T06:38:59","guid":{"rendered":"https:\/\/www.mladibl.com\/?p=46627"},"modified":"2025-05-30T09:15:30","modified_gmt":"2025-05-30T07:15:30","slug":"ljetne-skole-o-energetskoj-tranziciji-energetskom-siromastvu-i-rjesenjima-za-lokalnu-zajednicu","status":"publish","type":"post","link":"https:\/\/www.mladibl.com\/?p=46627","title":{"rendered":"Ljetne \u0161kole o energetskoj tranziciji, energetskom siroma\u0161tvu i rje\u0161enjima za lokalnu zajednicu"},"content":{"rendered":"\n<p><strong><em>ReRURAL \u2013 Obnova ruralnih podru\u010dja <\/em><\/strong><em>je regionalna inicijativa koja osna\u017euje ruralne zajednice u jugoisto\u010dnoj Evropi da vode dru\u0161tveno pravednu energetsku tranziciju. ReRURAL finansira Njema\u010dko savezno ministarstvo za ekonomska pitanja i klimatske akcije (BMWK) putem Evropske klimatske inicijative (EUKI), a provode ga: SDEWES Centar (Hrvatska), LIR Evolution (Bosna i Hercegovina), RDA Green Karst (Slovenija), Grad \u0110ur\u0111evac (Hrvatska) i Balkan Green Foundation (Kosovo). Projekat se fokusira na ja\u010danje svijesti o integraciji obnovljivih izvora energije, smanjenju energetskog siroma\u0161tva i razvoju lokalnih energetskih zajednica.<\/em><\/p>\n\n\n\n<p><em>U okviru projektnih aktivnosti, organizujemo dvije ljetne \u0161kole kako bi se okupili motivisani pojedinci i \u010dlanovi lokalne zajednice zainteresovani za odr\u017eiva energetska rje\u0161enja. Ove ljetne \u0161kole nude jedinstvenu priliku za produbljivanje razumijevanja energetske tranzicije, istra\u017eivanje inovativnih pristupa rje\u0161avanju energetskog siroma\u0161tva i u\u010denje o povezanosti energetskih zajednica.<\/em><\/p>\n\n\n\n<p><strong>O \u010demu se radi u ljetnim \u0161kolama?<\/strong><\/p>\n\n\n\n<p>ReRural ljetne \u0161kole su dinami\u010dne i intenzivne, prakti\u010dne obuke osmi\u0161ljene da oja\u010daju razumijevanje u\u010desnika o energetskim tranzicijama u ruralnim podru\u010djima. Tokom tri dana, stru\u010dnjaci za energetiku \u0107e odr\u017eati uvodna predavanja fokusirana na teme pravedne energetske tranzicije, obnovljive izvore energije, odr\u017eive tehnologije, energetske zajednice, energetske politike i regionalne izazove, uklju\u010duju\u0107i strukturne dimenzije energetskog siroma\u0161tva i njegovo ubla\u017eavanje. Interaktivne grupne radionice \u0107e podsticati saradnju, prenos znanja i razmjenu inovativnih ideja me\u0111u u\u010desnicima, podsti\u010du\u0107i kreativna rje\u0161enja za energetska pitanja iz stvarnog svijeta. Dru\u0161tvene aktivnosti i mogu\u0107nosti umre\u017eavanja \u0107e pobolj\u0161ati kulturnu razmjenu i izgraditi veze me\u0111u mladim pojedincima iz Hrvatske, Bosne i Hercegovine, Slovenije i Kosova. Pored toga, studijska posjeta \u0107e ponuditi prakti\u010dno upoznavanje s energetskim projektima i najboljim praksama, uskla\u0111eno s teorijskim znanjem ste\u010denim kroz ljetne \u0161kole.<\/p>\n\n\n\n<p><strong>Za\u0161to se pridru\u017eiti ljetnim \u0161kolama?<\/strong><\/p>\n\n\n\n<ul class=\"wp-block-list\">\n<li>U\u010dite od vode\u0107ih stru\u010dnjaka u oblastima energetske tranzicije i odr\u017eivog razvoja.<\/li>\n\n\n\n<li>Umre\u017eite se sa istomi\u0161ljenicima i organizacijama \u0161irom jugoisto\u010dne Evrope.<\/li>\n\n\n\n<li>Doprinesite odr\u017eivom razvoju i energetskoj pravdi u ruralnim podru\u010djima.<\/li>\n\n\n\n<li>Steknite prakti\u010dno znanje za implementaciju odr\u017eivih rje\u0161enja u va\u0161oj zajednici.<\/li>\n<\/ul>\n\n\n\n<p><strong>Gdje i kada?<\/strong><\/p>\n\n\n\n<ul class=\"wp-block-list\">\n<li>Prva ljetna \u0161kola u \u0110ur\u0111evcu (Hrvatska) 01. \u2013 04. septembar 2025.<\/li>\n\n\n\n<li>Druga ljetna \u0161kola u Postojni (Slovenija) 22. \u2013 25. septembra 2025<\/li>\n<\/ul>\n\n\n\n<p><strong>Ko se mo\u017ee prijaviti za ljetne \u0161kole?<\/strong><\/p>\n\n\n\n<p>Za svaku ljetnu \u0161kolu tra\u017eimo 40 u\u010desnika, mladih pojedinaca, profesionalaca, istra\u017eiva\u010da, studenata i predstavnika zajednice, starosti od 18 do 30 godina, koji su:<\/p>\n\n\n\n<ul class=\"wp-block-list\">\n<li>stanovnici zemalja projekta: Hrvatske, Bosne i Hercegovine, Slovenije ili Kosova.<\/li>\n\n\n\n<li>motivisani za nove mogu\u0107nosti u\u010denja i kulturne razmjene, te posve\u0107eni potpunom anga\u017emanu u svim aktivnostima ljetne \u0161kole, osiguravaju\u0107i kolaborativno i oboga\u0107uju\u0107e iskustvo za sve.\u00a0<\/li>\n\n\n\n<li>sna\u017eno zainteresovani za teme energetske tranzicije, uklju\u010duju\u0107i obnovljive izvore energije i odr\u017eivi razvoj, energetsko siroma\u0161tvo i energetske zajednice, te su spremni doprinijeti regionalnim promjenama, poti\u010du\u0107i odr\u017eiva rje\u0161enja u vlastitim zajednicama.<\/li>\n\n\n\n<li>posjeduju te\u010dno znanje engleskog jezika, budu\u0107i da \u0107e se sva predavanja i slu\u017ebene aktivnosti odr\u017eavati na engleskom jeziku. U\u010desnici moraju imati odli\u010dno znanje jezika za efikasnu komunikaciju, u\u010de\u0161\u0107e u diskusijama i razumijevanje tema obra\u0111enih tokom ljetnih \u0161kola.<\/li>\n<\/ul>\n\n\n\n<p><strong>Kako se prijaviti?<\/strong><\/p>\n\n\n\n<p>Za prijavu, molimo Vas da popunite online obrazac za registraciju putem sljede\u0107eg linka: <a href=\"https:\/\/forms.gle\/n6A2HkKaa6j22Wjd9\" target=\"_blank\" rel=\"noreferrer noopener\"><em>https:\/\/forms.gle\/n6A2HkKaa6j22Wjd9<\/em><\/a><\/p>\n\n\n\n<p>Rok za registraciju je: 20. juni 2025. godine.<\/p>\n\n\n\n<p>Da bi se razmotrila prijava, kandidati moraju uz prijavni obrazac dostaviti i motivacijsko pismo (kao PDF datoteku na engleskom jeziku). Motivaciono pismo od jedne stranice (400-600 rije\u010di) treba da sadr\u017ei sljede\u0107e:<\/p>\n\n\n\n<ul class=\"wp-block-list\">\n<li>Kako va\u0161e iskustvo uti\u010de na va\u0161e razumijevanje energetske tranzicije i\/ili izazova odr\u017eivosti ruralnih podru\u010dja.<\/li>\n\n\n\n<li>Kakve konkretne uvide, iskustva ili pitanja imate o temama koje obra\u0111uju ljetne \u0161kole?<\/li>\n\n\n\n<li>Opi\u0161ite izazov vezan za energiju koji vas brine i kako namjeravate primijeniti znanje ili pristupe ste\u010dene tokom ljetne \u0161kole u vlastitom kontekstu (zajednica, istra\u017eivanje, profesionalno okru\u017eenje itd.)<\/li>\n<\/ul>\n\n\n\n<p><strong><em><u>Dodatne napomene<\/u><\/em><\/strong><\/p>\n\n\n\n<ul class=\"wp-block-list\">\n<li>Nema kotizacije za ljetne \u0161kole, a svi tro\u0161kovi obroka su pokriveni. Tro\u0161kovi prijevoza i smje\u0161taja bit \u0107e pokriveni za u\u010desnike koji putuju u drugu zemlju. O\u010dekuje se da \u0107e hrvatski u\u010desnici koji se prijave za ljetnu \u0161kolu u \u0110ur\u0111evcu, kao i slovenski u\u010desnici koji se prijave za ljetnu \u0161kolu u Postojni, biti lokalni i da im ne\u0107e biti potreban smje\u0161taj ili putna podr\u0161ka.<\/li>\n\n\n\n<li>Certifikat o u\u010de\u0161\u0107u bi\u0107e dodijeljen nakon uspje\u0161nog zavr\u0161etka ljetne \u0161kole, uklju\u010duju\u0107i evaluaciju grupnog rada.<\/li>\n<\/ul>\n\n\n\n<p><strong><em><u>KONTAKT OSOBA:<\/u><\/em><\/strong> Ognjenka Zrili\u0107, e-mail: <a href=\"mailto:ognjenkaz@lir.ba\">ognjenkaz@lir.ba<\/a>&nbsp; Tel: +387 51 329 750<\/p>\n\n\n\n<p>Preuzeto sa: <a href=\"https:\/\/lir.ba\/2-ljetne-skole-o-energetskoj-tranziciji-energetskom-siromastvu-i-rjesenjima-za-lokalnu-zajednicu\/\" target=\"_blank\" rel=\"noreferrer noopener\">lir.ba<\/a><\/p>\n","protected":false},"excerpt":{"rendered":"<p>ReRURAL \u2013 Obnova ruralnih podru\u010dja je regionalna inicijativa koja osna\u017euje ruralne zajednice u jugoisto\u010dnoj Evropi da vode dru\u0161tveno pravednu energetsku<\/p>\n","protected":false},"author":1,"featured_media":46609,"comment_status":"closed","ping_status":"open","sticky":false,"template":"","format":"standard","meta":{"om_disable_all_campaigns":false,"_monsterinsights_skip_tracking":false,"_monsterinsights_sitenote_active":false,"_monsterinsights_sitenote_note":"","_monsterinsights_sitenote_category":0,"footnotes":""},"categories":[4,8692],"tags":[2343,14205,5498,879],"class_list":["post-46627","post","type-post","status-publish","format-standard","has-post-thumbnail","hentry","category-edukacija","category-izdvajamo","tag-energetska-tranzicija","tag-energetsko-siromastvo","tag-ljetne-skole","tag-lokalne-zajednice"],"jetpack_featured_media_url":"https:\/\/www.mladibl.com\/wp-content\/uploads\/2025\/05\/ReRURAL-\u2013-Obnova-ruralnih-podrucja.jpg","amp_enabled":true,"_links":{"self":[{"href":"https:\/\/www.mladibl.com\/index.php?rest_route=\/wp\/v2\/posts\/46627","targetHints":{"allow":["GET"]}}],"collection":[{"href":"https:\/\/www.mladibl.com\/index.php?rest_route=\/wp\/v2\/posts"}],"about":[{"href":"https:\/\/www.mladibl.com\/index.php?rest_route=\/wp\/v2\/types\/post"}],"author":[{"embeddable":true,"href":"https:\/\/www.mladibl.com\/index.php?rest_route=\/wp\/v2\/users\/1"}],"replies":[{"embeddable":true,"href":"https:\/\/www.mladibl.com\/index.php?rest_route=%2Fwp%2Fv2%2Fcomments&post=46627"}],"version-history":[{"count":1,"href":"https:\/\/www.mladibl.com\/index.php?rest_route=\/wp\/v2\/posts\/46627\/revisions"}],"predecessor-version":[{"id":46628,"href":"https:\/\/www.mladibl.com\/index.php?rest_route=\/wp\/v2\/posts\/46627\/revisions\/46628"}],"wp:featuredmedia":[{"embeddable":true,"href":"https:\/\/www.mladibl.com\/index.php?rest_route=\/wp\/v2\/media\/46609"}],"wp:attachment":[{"href":"https:\/\/www.mladibl.com\/index.php?rest_route=%2Fwp%2Fv2%2Fmedia&parent=46627"}],"wp:term":[{"taxonomy":"category","embeddable":true,"href":"https:\/\/www.mladibl.com\/index.php?rest_route=%2Fwp%2Fv2%2Fcategories&post=46627"},{"taxonomy":"post_tag","embeddable":true,"href":"https:\/\/www.mladibl.com\/index.php?rest_route=%2Fwp%2Fv2%2Ftags&post=46627"}],"curies":[{"name":"wp","href":"https:\/\/api.w.org\/{rel}","templated":true}]}}