{"id":46621,"date":"2025-05-30T08:33:23","date_gmt":"2025-05-30T06:33:23","guid":{"rendered":"https:\/\/www.mladibl.com\/?p=46621"},"modified":"2025-05-30T08:33:30","modified_gmt":"2025-05-30T06:33:30","slug":"ryco-poziv-skolama-predstavljanje-smjernica-za-prijavu-na-javni-poziv-superschools","status":"publish","type":"post","link":"https:\/\/www.mladibl.com\/?p=46621","title":{"rendered":"RYCO poziv \u0161kolama: predstavljanje smjernica za prijavu na javni poziv \u201cSuperschools\u201d"},"content":{"rendered":"\n<p>Regionalna kancelarija za saradnju mladih (RYCO) poziva javne i privatne srednje \u0161kole na podru\u010dju Bosne i Hercegovine na informativne sesije na kojima \u0107e biti predstavljene smjernice za prijavu srednjih \u0161kola na peti ciklus projekta \u201cSuperschools\u201d.<\/p>\n\n\n\n<p>Sesije \u0107e se odr\u017eati na sljede\u0107im lokacijama:<\/p>\n\n\n\n<p>Tuzla, 2. juni 2025. (ponedjeljak), Me\u0111unarodna galerija portreta,\u00a0II Tuzlanske brigade s<br>po\u010detkom u 12:00h<br>Link za prijavu na info sesiju u Tuzli: <strong><a href=\"https:\/\/forms.office.com\/e\/rNbgdH0aR0\" target=\"_blank\" rel=\"noreferrer noopener\">https:\/\/forms.office.com\/e\/rNbgdH0aR0<\/a><\/strong><\/p>\n\n\n\n<p>Sarajevo, 3. juni 2025. (utorak), Goethe Institut, D\u017eid\u017eikovac 5, s po\u010detkom u 11:00h<br>Link za prijavu na info sesiju u Sarajevu: <strong><a href=\"https:\/\/forms.office.com\/e\/rXYHrhX9nC\" target=\"_blank\" rel=\"noreferrer noopener\">https:\/\/forms.office.com\/e\/rXYHrhX9nC<\/a><\/strong><\/p>\n\n\n\n<p>Online info sesija, 4. juni 2025. (srijeda) putem platforme Teams, s po\u010dekom u 17:00 h<br>Link za prijavu za online info sesiju: <strong><a href=\"https:\/\/forms.office.com\/e\/HRESSKs3Hj\" target=\"_blank\" rel=\"noreferrer noopener\">https:\/\/forms.office.com\/e\/HRESSKs3Hj<\/a><\/strong><\/p>\n\n\n\n<p>Osim predstavljanja smjernica za prijavu \u0161kola na ovaj javni poziv, u\u010desnici\/ce imati priliku pro\u0107i kroz pitanja koja su sastavni dio aplikacijske forme, te \u0107e dobiti i prakti\u010dni uvid u proces apliciranja.<\/p>\n\n\n\n<p>Molimo zainteresirane \u0161kole da se prijave za u\u010de\u0161\u0107e na nekoj od navedenih info sesija najkasnije do 1. juna (nedjelja).<\/p>\n\n\n\n<p>RYCO ne snosi tro\u0161kove prijevoza za u\u010desnike\/ce info sesija.<\/p>\n\n\n\n<p>Vi\u0161e informacija o radu RYCO-a i \u010detvrtom otvorenom pozivu u sklopu projekta \u201cSuperschools\u201d mo\u017eete dobiti putem linka u nastavku.<\/p>\n\n\n\n<p><strong><a href=\"https:\/\/www.rycowb.org\/superschools-exchange-for-change-2025\/\" target=\"_blank\" rel=\"noreferrer noopener\">https:\/\/www.rycowb.org\/superschools-exchange-for-change-2025\/<\/a><\/strong><\/p>\n\n\n\n<p>Izvor: Saop\u0161tenje<\/p>\n","protected":false},"excerpt":{"rendered":"<p>Regionalna kancelarija za saradnju mladih (RYCO) poziva javne i privatne srednje \u0161kole na podru\u010dju Bosne i Hercegovine na informativne sesije<\/p>\n","protected":false},"author":1,"featured_media":46612,"comment_status":"closed","ping_status":"open","sticky":false,"template":"","format":"standard","meta":{"om_disable_all_campaigns":false,"_monsterinsights_skip_tracking":false,"_monsterinsights_sitenote_active":false,"_monsterinsights_sitenote_note":"","_monsterinsights_sitenote_category":0,"footnotes":""},"categories":[6],"tags":[268,424,124,783,2986,6695],"class_list":["post-46621","post","type-post","status-publish","format-standard","has-post-thumbnail","hentry","category-dogadjaji","tag-info-sesija","tag-online","tag-ryco","tag-skole","tag-smjernice","tag-superschools"],"jetpack_featured_media_url":"https:\/\/www.mladibl.com\/wp-content\/uploads\/2025\/05\/RYCO-poziv-skolama_-predstavljanje-smjernica-za-prijavu-na-javni-poziv-Superschools.jpg","amp_enabled":true,"_links":{"self":[{"href":"https:\/\/www.mladibl.com\/index.php?rest_route=\/wp\/v2\/posts\/46621","targetHints":{"allow":["GET"]}}],"collection":[{"href":"https:\/\/www.mladibl.com\/index.php?rest_route=\/wp\/v2\/posts"}],"about":[{"href":"https:\/\/www.mladibl.com\/index.php?rest_route=\/wp\/v2\/types\/post"}],"author":[{"embeddable":true,"href":"https:\/\/www.mladibl.com\/index.php?rest_route=\/wp\/v2\/users\/1"}],"replies":[{"embeddable":true,"href":"https:\/\/www.mladibl.com\/index.php?rest_route=%2Fwp%2Fv2%2Fcomments&post=46621"}],"version-history":[{"count":1,"href":"https:\/\/www.mladibl.com\/index.php?rest_route=\/wp\/v2\/posts\/46621\/revisions"}],"predecessor-version":[{"id":46622,"href":"https:\/\/www.mladibl.com\/index.php?rest_route=\/wp\/v2\/posts\/46621\/revisions\/46622"}],"wp:featuredmedia":[{"embeddable":true,"href":"https:\/\/www.mladibl.com\/index.php?rest_route=\/wp\/v2\/media\/46612"}],"wp:attachment":[{"href":"https:\/\/www.mladibl.com\/index.php?rest_route=%2Fwp%2Fv2%2Fmedia&parent=46621"}],"wp:term":[{"taxonomy":"category","embeddable":true,"href":"https:\/\/www.mladibl.com\/index.php?rest_route=%2Fwp%2Fv2%2Fcategories&post=46621"},{"taxonomy":"post_tag","embeddable":true,"href":"https:\/\/www.mladibl.com\/index.php?rest_route=%2Fwp%2Fv2%2Ftags&post=46621"}],"curies":[{"name":"wp","href":"https:\/\/api.w.org\/{rel}","templated":true}]}}