{"id":46617,"date":"2025-05-30T08:13:52","date_gmt":"2025-05-30T06:13:52","guid":{"rendered":"https:\/\/www.mladibl.com\/?p=46617"},"modified":"2025-05-30T08:14:00","modified_gmt":"2025-05-30T06:14:00","slug":"pank-folk-legende-brkovi-ponovo-stizu-na-tuborg-garden-fest","status":"publish","type":"post","link":"https:\/\/www.mladibl.com\/?p=46617","title":{"rendered":"Pank-folk legende \u201cBrkovi\u201c ponovo sti\u017eu na \u201cTuborg Garden Fest\u201c"},"content":{"rendered":"\n<p>Regionalno popularni bend vra\u0107a se u Ljetnu ba\u0161tu u Prijedoru, gdje \u0107e svirati prve festivalske no\u0107i 04. jula.<\/p>\n\n\n\n<p>Njihova je pri\u010da krenula 2004. godine, a danas je iza njih osam studijskih albuma i brojni odr\u017eani koncerti u regiji i inostranstvu.<\/p>\n\n\n\n<p>Pored starih hitova &#8220;Tolerancija&#8221;, &#8220;Seks i droga&#8221;, &#8220;Ho\u0107u da mi dijete slu\u0161a narodnjake&#8221;, i drugih, publika na \u201dTuborg Garden Festu\u201d ima\u0107e priliku da \u010duje i novu pjesmu &#8220;Labavi&#8221;, koja je najava za novi album \u201dBrkova\u201d.<\/p>\n\n\n\n<p>\u201cMi u Prijedoru smo kao na doma\u0107em terenu. U tom prelijepom gradu sviramo godinama i imamo prijateljske odnose, a i porodi\u010dne, jer na\u0161 gitarista Igor Paspalj je dugo vremena \u017eivio u Prijedoru, tako da se ba\u0161 radujemo \u0161to nakon dvije godine ponovo sviramo u na bini Ljetne ba\u0161te\u201c, izjavio je pjeva\u010d i autor ve\u0107ine pesama \u201cBrkova\u201d Vedran Pehar, poznatiji kao Shamso 69.<\/p>\n\n\n\n<p>Kao jedan od razloga za\u0161to su \u201eBrkovi\u201c posebno vezani za Prijedor, i koji \u010desto isti\u010du, je to \u0161to su na koncert, koji odr\u017ean na Aerodromu Urije 2018. godine, spu\u0161teni sportskim avionom.<\/p>\n\n\n\n<p>\u201e\u0160ou \u0107e biti fenomenalan. Ne treba ni\u0161ta posebno najavljivati, \u201cBrkovi\u201c u Prijedoru i to je to. Dragi na\u0161i prijatelji iz Prijedora i okoline, do\u0111ite na \u201eTuborg Garden Fest\u201c. Jedva \u010dekamo da se vidimo i da nam bude lijepo\u201c, dodao je Shamso 69.<\/p>\n\n\n\n<p>Pored \u201cBrkova\u201c, iste festivalske ve\u010deri na bini Ljetne ba\u0161te svira\u0107e \u201cRitam nereda\u201c i \u201cAtheist Rap\u201c. Drugog dana festivala 5.jula, na \u201dTuborg Garden Festu\u201d, za sjajnu atmosferu \u0107e se pobrinuti \u201cZoster\u201c, \u201cElemental\u201c i \u201cBad Copy\u201c.<\/p>\n\n\n\n<p>Od 2. juna u prodaji su jednodnevne ulaznice po cijeni od 25 KM, dok su dvodnevne ulaznice, jo\u0161 uvijek, dostupne po promo cijeni od 35 KM na gigstix.ba i u Po\u0161tama Srpske. Koli\u010dine su ograni\u010dene. Ugrabi svoju kartu i spremi se za \u017eurku koja se ne propu\u0161ta!<\/p>\n\n\n\n<p>Za vi\u0161e informacija pratite nas na www.gardenfest.net , kao i Facebook i Instagram stranicama festivala.<\/p>\n\n\n\n<p>Zakora\u010di u ba\u0161tu najboljeg ljetnog provoda!<\/p>\n\n\n\n<p>Izvor: Saop\u0161tenje<\/p>\n","protected":false},"excerpt":{"rendered":"<p>Regionalno popularni bend vra\u0107a se u Ljetnu ba\u0161tu u Prijedoru, gdje \u0107e svirati prve festivalske no\u0107i 04. jula. Njihova je<\/p>\n","protected":false},"author":1,"featured_media":46614,"comment_status":"closed","ping_status":"open","sticky":false,"template":"","format":"standard","meta":{"om_disable_all_campaigns":false,"_monsterinsights_skip_tracking":false,"_monsterinsights_sitenote_active":false,"_monsterinsights_sitenote_note":"","_monsterinsights_sitenote_category":0,"footnotes":""},"categories":[2],"tags":[6774,14102,3536,1436],"class_list":["post-46617","post","type-post","status-publish","format-standard","has-post-thumbnail","hentry","category-vijesti","tag-brkovi","tag-garden-fest","tag-koncert","tag-prijedor"],"jetpack_featured_media_url":"https:\/\/www.mladibl.com\/wp-content\/uploads\/2025\/05\/Pank-folk-legende-Brkovi-ponovo-stizu-na-Tuborg-Garden-Fest.jpg","amp_enabled":true,"_links":{"self":[{"href":"https:\/\/www.mladibl.com\/index.php?rest_route=\/wp\/v2\/posts\/46617","targetHints":{"allow":["GET"]}}],"collection":[{"href":"https:\/\/www.mladibl.com\/index.php?rest_route=\/wp\/v2\/posts"}],"about":[{"href":"https:\/\/www.mladibl.com\/index.php?rest_route=\/wp\/v2\/types\/post"}],"author":[{"embeddable":true,"href":"https:\/\/www.mladibl.com\/index.php?rest_route=\/wp\/v2\/users\/1"}],"replies":[{"embeddable":true,"href":"https:\/\/www.mladibl.com\/index.php?rest_route=%2Fwp%2Fv2%2Fcomments&post=46617"}],"version-history":[{"count":1,"href":"https:\/\/www.mladibl.com\/index.php?rest_route=\/wp\/v2\/posts\/46617\/revisions"}],"predecessor-version":[{"id":46618,"href":"https:\/\/www.mladibl.com\/index.php?rest_route=\/wp\/v2\/posts\/46617\/revisions\/46618"}],"wp:featuredmedia":[{"embeddable":true,"href":"https:\/\/www.mladibl.com\/index.php?rest_route=\/wp\/v2\/media\/46614"}],"wp:attachment":[{"href":"https:\/\/www.mladibl.com\/index.php?rest_route=%2Fwp%2Fv2%2Fmedia&parent=46617"}],"wp:term":[{"taxonomy":"category","embeddable":true,"href":"https:\/\/www.mladibl.com\/index.php?rest_route=%2Fwp%2Fv2%2Fcategories&post=46617"},{"taxonomy":"post_tag","embeddable":true,"href":"https:\/\/www.mladibl.com\/index.php?rest_route=%2Fwp%2Fv2%2Ftags&post=46617"}],"curies":[{"name":"wp","href":"https:\/\/api.w.org\/{rel}","templated":true}]}}