{"id":46586,"date":"2025-05-28T23:35:27","date_gmt":"2025-05-28T21:35:27","guid":{"rendered":"https:\/\/www.mladibl.com\/?p=46586"},"modified":"2025-05-28T23:50:14","modified_gmt":"2025-05-28T21:50:14","slug":"otvoren-poziv-ljetna-skola-urbane-mobilnosti-u-mostaru","status":"publish","type":"post","link":"https:\/\/www.mladibl.com\/?p=46586","title":{"rendered":"Otvoren poziv: Ljetna \u0161kola urbane mobilnosti u Mostaru"},"content":{"rendered":"\n<p>Ljetna \u0161kola urbane mobilnosti jo\u0161 jedan je u nizu doga\u0111aja koje Centar za \u017eivotnu sredinu, ispred&nbsp;<a href=\"https:\/\/civinet-slohr.eu\/\" target=\"_blank\" rel=\"noreferrer noopener\">CIVINET mre\u017ee za Sloveniju, Hrvatsku i Jugoisto\u010dnu Evropu<\/a>, organizuje u 2025. i 2026. godini, a u okviru CLIMove projekta koji se sprovodi u saradnji sa udrugom&nbsp;<a href=\"https:\/\/www.odraz.hr\/\" target=\"_blank\" rel=\"noreferrer noopener\">Odraz<\/a>&nbsp;(Zagreb), te&nbsp;<a href=\"https:\/\/www.cdv.cz\/en\/\" target=\"_blank\" rel=\"noreferrer noopener\">Istra\u017eiva\u010dkim centrom za transport<\/a>&nbsp;(Brno).<\/p>\n\n\n\n<p>CLIMove projekat je nastavak na CLIMASUM projekat, koji je Centar provodio tokom 2022. i 2023. godine, a u okviru kojeg su, izme\u0111u ostalog, odr\u017eane ve\u0107 dvije ljetne \u0161kole, po jedna u <a href=\"https:\/\/czzs.org\/odrzana-ljetna-skola-urbane-mobilnosti\/\">Banjoj Luci<\/a> i <a href=\"https:\/\/czzs.org\/odrzana-druga-ljetna-skola-urbane-mobilnosti-u-bih\/\">Sarajevu<\/a>.<\/p>\n\n\n\n<p><strong>Ljetnu \u0161kolu urbane mobilnosti Centar \u0107e odr\u017eati u periodu 21. \u2013 25. juli 2025. u Mostaru.<\/strong><\/p>\n\n\n\n<p><strong>Namijenjena je studentima<\/strong>&nbsp;svih odsjeka, fakulteta i univerziteta u Bosni i Hercegovini, no studenti saobra\u0107ajnih struka, prostornog planiranja, arhitekture, geografije i sociologije ima\u0107e prednost pri prijavljivanju. Prethodno skustvo u polju urbane mobilnosti nije potrebno.<\/p>\n\n\n\n<p>U\u010desnike o\u010dekuju projekcije filmova, predavanja na teme javnog prevoza, multimodalnosti, zagovaranja u polju urbane mobilnosti, prakti\u010dnih izazova projektovanja biciklisti\u010dke infrastrukture, posjete lokacijama od interesa, prakti\u010dan rad u grupama i sli\u010dno.<\/p>\n\n\n\n<p>Tro\u0161kove puta snose organizatori na na\u010din refundacije tro\u0161kova u\u010desnicima. Materijali za rad, smje\u0161taj, hrana i osvje\u017eenje u toku Ljetne \u0161kole obezbje\u0111eni su od strane organizatora.<\/p>\n\n\n\n<p><strong>Registracija u\u010de\u0161\u0107a vr\u0161i se&nbsp;<\/strong><a href=\"https:\/\/docs.google.com\/forms\/d\/e\/1FAIpQLSdvXUI4Ut6GfI8zWr2P7oJz1oXOyYyPVrP-9HGOeuBAhG9cBg\/viewform?usp=sharing&amp;ouid=113100934447228388430\" target=\"_blank\" rel=\"noreferrer noopener\"><strong>putem ovog linka<\/strong><\/a><strong>, a rok za registraciju je do 20. juna<\/strong>&nbsp;2025. do 23.59 \u010dasova, ili do popunjavanja kapaciteta (25 u\u010desnika). U\u010desnici \u0107e dobiti potvrdu o u\u010de\u0161\u0107u u sedmici po zavr\u0161etku perioda za prijavu, odnosno po popunjavanju kapaciteta.<\/p>\n\n\n\n<p>Ta\u010dne lokacije odr\u017eavanja konferencije, kao i detaljna agenda, bi\u0107e dostavljeni u \u0161to skorijem roku u\u010desnicima kojima bude potvr\u0111eno u\u010de\u0161\u0107e.<\/p>\n\n\n\n<p>Petoro najistaknutijih u\u010desnika ljetne \u0161kole u Mostaru, bi\u0107e pozvani i na u\u010de\u0161\u0107e u ljetnoj \u0161koli koju Centar organizuje u Belgiji, idu\u0107e godine.<\/p>\n\n\n\n<p>Za dodatne informacije, mo\u017eete se obratiti putem mejla na:<\/p>\n\n\n\n<p><a href=\"mailto:dragan.kabic@czzs.org\" target=\"_blank\" rel=\"noreferrer noopener\">dragan.kabic@czzs.org<\/a><\/p>\n\n\n\n<p><a href=\"mailto:igor.uletilovic@czzs.org\" target=\"_blank\" rel=\"noreferrer noopener\">igor.uletilovic@czzs.org<\/a><\/p>\n\n\n\n<p><em>Projekat CLIMove bavi se potrebom za odr\u017eivom urbanom mobilno\u0161\u0107u u srednjoj i isto\u010dnoj Europi (SIE). Promovi\u0161e klimatski neutralnu urbanu mobilnost kroz ja\u010danje kapaciteta, edukaciju i saradnju razli\u010ditih aktera u Hrvatskoj, \u010ce\u0161koj, Slova\u010dkoj te Bosni i Hercegovini. Cilj projekta je da oja\u010da lokalne vlasti, mlade stru\u010dnjake i javnost za sprovo\u0111enje rje\u0161enja odr\u017eive mobilnosti.<\/em><\/p>\n\n\n\n<p><em>Ovaj projekat dio je Evropske klimatske inicijative (EUKI).<\/em><\/p>\n\n\n\n<p>Preuzeto sa: <a href=\"https:\/\/czzs.org\/otvoren-poziv-ljetna-skola-urbane-mobilnosti-u-mostaru\/\" target=\"_blank\" rel=\"noreferrer noopener\">czzs.org<\/a><\/p>\n","protected":false},"excerpt":{"rendered":"<p>Ljetna \u0161kola urbane mobilnosti jo\u0161 jedan je u nizu doga\u0111aja koje Centar za \u017eivotnu sredinu, ispred&nbsp;CIVINET mre\u017ee za Sloveniju, Hrvatsku<\/p>\n","protected":false},"author":1,"featured_media":46577,"comment_status":"closed","ping_status":"open","sticky":false,"template":"","format":"standard","meta":{"om_disable_all_campaigns":false,"_monsterinsights_skip_tracking":false,"_monsterinsights_sitenote_active":false,"_monsterinsights_sitenote_note":"","_monsterinsights_sitenote_category":0,"footnotes":""},"categories":[4,8692],"tags":[238,244,8056],"class_list":["post-46586","post","type-post","status-publish","format-standard","has-post-thumbnail","hentry","category-edukacija","category-izdvajamo","tag-ljetna-skola","tag-mostar","tag-urbana-mobilnost"],"jetpack_featured_media_url":"https:\/\/www.mladibl.com\/wp-content\/uploads\/2025\/05\/Otvoren-poziv_-Ljetna-skola-urbane-mobilnosti-u-Mostaru.jpg","amp_enabled":true,"_links":{"self":[{"href":"https:\/\/www.mladibl.com\/index.php?rest_route=\/wp\/v2\/posts\/46586","targetHints":{"allow":["GET"]}}],"collection":[{"href":"https:\/\/www.mladibl.com\/index.php?rest_route=\/wp\/v2\/posts"}],"about":[{"href":"https:\/\/www.mladibl.com\/index.php?rest_route=\/wp\/v2\/types\/post"}],"author":[{"embeddable":true,"href":"https:\/\/www.mladibl.com\/index.php?rest_route=\/wp\/v2\/users\/1"}],"replies":[{"embeddable":true,"href":"https:\/\/www.mladibl.com\/index.php?rest_route=%2Fwp%2Fv2%2Fcomments&post=46586"}],"version-history":[{"count":1,"href":"https:\/\/www.mladibl.com\/index.php?rest_route=\/wp\/v2\/posts\/46586\/revisions"}],"predecessor-version":[{"id":46587,"href":"https:\/\/www.mladibl.com\/index.php?rest_route=\/wp\/v2\/posts\/46586\/revisions\/46587"}],"wp:featuredmedia":[{"embeddable":true,"href":"https:\/\/www.mladibl.com\/index.php?rest_route=\/wp\/v2\/media\/46577"}],"wp:attachment":[{"href":"https:\/\/www.mladibl.com\/index.php?rest_route=%2Fwp%2Fv2%2Fmedia&parent=46586"}],"wp:term":[{"taxonomy":"category","embeddable":true,"href":"https:\/\/www.mladibl.com\/index.php?rest_route=%2Fwp%2Fv2%2Fcategories&post=46586"},{"taxonomy":"post_tag","embeddable":true,"href":"https:\/\/www.mladibl.com\/index.php?rest_route=%2Fwp%2Fv2%2Ftags&post=46586"}],"curies":[{"name":"wp","href":"https:\/\/api.w.org\/{rel}","templated":true}]}}