{"id":46558,"date":"2025-05-28T07:50:44","date_gmt":"2025-05-28T05:50:44","guid":{"rendered":"https:\/\/www.mladibl.com\/?p=46558"},"modified":"2025-05-28T07:59:00","modified_gmt":"2025-05-28T05:59:00","slug":"poziv-za-prijave-na-kamp-konstruktivnog-novinarstva-price-koje-nude-rjesenja","status":"publish","type":"post","link":"https:\/\/www.mladibl.com\/?p=46558","title":{"rendered":"Poziv za prijave na kamp konstruktivnog novinarstva: Pri\u010de koje nude rje\u0161enja"},"content":{"rendered":"\n<p>Trening<\/p>\n\n\n\n<p>Biha\u0107<\/p>\n\n\n\n<p>Bosnia and Herzegovina<\/p>\n\n\n\n<p><em>Mediacentar Sarajevo organizuje trodnevni kamp za novinare i novinarke posve\u0107en principima konstruktivnog i na rje\u0161enja orijentisanog novinarstva, koji \u0107e se odr\u017eati <strong>od 12. do 14.6.2025. godine u Biha\u0107u (Hotel Swiss, Biha\u0107).<\/strong><\/em><\/p>\n\n\n\n<p>Na kamp se mogu prijaviti novinari i novinarke koji rade pri medijskim redakcijama i\/ili freelance novinari i dopisnici, kao i studenti\/ice novinarstva. Prednost \u0107e imati aplikanti koji dolaze iz programom ciljanih podru\u010dja &#8211; jugozapadne i sjeverozapadne BiH (Unsko-sanski kanton, Kanton 10 te op\u0161tine prijedorske i banjalu\u010dke regije), a posebno iz zajednica koje su ozna\u010dene kao medijski opusto\u0161ene ili iz kojih se bilje\u017ei pad u broju i kvalitetu medijskog sadr\u017eaja. Prednost \u0107e tako\u0111er imati aplikanti mla\u0111i od 40 godina, u skladu s fokusom programa na ja\u010danje kapaciteta mla\u0111e generacije novinara i novinarki koji djeluju na lokalnom nivou.<\/p>\n\n\n\n<p>Kamp organizujemo u okviru programa <a href=\"https:\/\/www.media.ba\/bs\/project\/saradnja-za-rjesenja-mediji-civilno-drustvo-i-mladi-za-inkluzivnije-lokalne-politike\">Saradnja za rje\u0161enja: Mediji, civilno dru\u0161tvo i mladi za inkluzivnije lokalne politike<\/a>, koji povezuje konstruktivno novinarstvo, grassroots aktivizam organizacija civilnog dru\u0161tva i razli\u010dite formalne i neformalne mehanizme gra\u0111anskog u\u010de\u0161\u0107a.<\/p>\n\n\n\n<p>Program je nastao iz potrebe da se podr\u017ee lokalni mediji u produkciji pri\u010da koje nude konkretne modele za rje\u0161avanje problema u zajednici, ali i da se oja\u010da saradnja organizacija civilnog dru\u0161tva s medijima kroz sadr\u017eajno i kontinuirano izvje\u0161tavanje o njihovom radu.<\/p>\n\n\n\n<p>Neke od ciljanih zajednica su: Biha\u0107, Bosanska Krupa, Bosanski Petrovac, Cazin, Grahovo, Livno, Prijedor, Novi Grad \u2013 ali nisu isklju\u010dene ni druge obli\u017enje zajednice, kao ni teme koje povezuju vi\u0161e lokalnih sredina.<\/p>\n\n\n\n<p>Po zavr\u0161etku kampa, u\u010desnici i njihove redakcije imat \u0107e priliku da sara\u0111uju s iskusnim mentorima i mentoricama iz ve\u0107ih redakcija, koji \u0107e ih voditi kroz proces produkcije i prezentacije pri\u010da.<\/p>\n\n\n\n<p>Program uklju\u010duje razli\u010dite formate rada: prezentacije, diskusije, Q&amp;A sesije, individualne i grupne vje\u017ebe, analizu sadr\u017eaja i prakti\u010dan rad na osmi\u0161ljavanju pri\u010da. Kamp se zavr\u0161ava zajedni\u010dkom prezentacijom pri\u010da i planovima za dalje mentorstvo.<\/p>\n\n\n\n<p>Neke od aktivnosti programa uklju\u010duju:<br>\u2022 Uvod u principe konstruktivnog i na rje\u0161enja orijentisanog novinarstva<br>\u2022 Konstruktivno novinarstvo kroz agendu \u201eMladi, mir i sigurnost\u201c<br>\u2022 Kako prona\u0107i i oblikovati pri\u010du koja nudi rje\u0161enja u lokalnim zajednicama<br>\u2022 Osnove dobrog pisanja i struktura kvalitetne novinarske pri\u010de<br>\u2022 Uloga vizuelnih elemenata i li\u010dnih pri\u010da u pripovijedanju<br>\u2022 Saradnja sa organizacijama civilnog dru\u0161tva u razvoju tema<br>\u2022 Iskustva i izazovi rada na terenu u lokalnim zajednicama<br>\u2022 Diskusije o razvoju i prezentaciji novinarske pri\u010de kroz konkretne primjere<br><br>Prijavite se popunjavanjem aplikacionog formulara koji mo\u017eete prona\u0107i <a href=\"https:\/\/docs.google.com\/forms\/d\/e\/1FAIpQLScxI_0UClqlJveUD5NhzAI5cVCmsBgI_38zVet5zOnCZqMncQ\/viewform?usp=sharing&amp;ouid=109057167235659153862\">OVDJE<\/a>.<\/p>\n\n\n\n<p><strong>Rok za prijavu je nedjelja, 8.6.2025. do pono\u0107i.<\/strong><\/p>\n\n\n\n<p>Broj mjesta je ograni\u010den, a Mediacentar Sarajevo pokriva sve tro\u0161kove puta, smje\u0161taja i hrane.<\/p>\n\n\n\n<p>Aktivnost realiziramo uz podr\u0161ku Ministarstva vanjskih poslova Njema\u010dke putem ifa (Institut f\u00fcr Auslandsbeziehungen) i zivik programa finansiranja.<\/p>\n\n\n\n<p>Preuzeto sa: <a href=\"https:\/\/media.ba\/bs\/event\/poziv-za-prijave-na-kamp-konstruktivnog-novinarstva-price-koje-nude-rjesenja\" target=\"_blank\" rel=\"noreferrer noopener\">media.ba<\/a><\/p>\n","protected":false},"excerpt":{"rendered":"<p>Trening Biha\u0107 Bosnia and Herzegovina Mediacentar Sarajevo organizuje trodnevni kamp za novinare i novinarke posve\u0107en principima konstruktivnog i na rje\u0161enja<\/p>\n","protected":false},"author":1,"featured_media":46549,"comment_status":"closed","ping_status":"open","sticky":false,"template":"","format":"standard","meta":{"om_disable_all_campaigns":false,"_monsterinsights_skip_tracking":false,"_monsterinsights_sitenote_active":false,"_monsterinsights_sitenote_note":"","_monsterinsights_sitenote_category":0,"footnotes":""},"categories":[4,8692],"tags":[1692,14192,14193],"class_list":["post-46558","post","type-post","status-publish","format-standard","has-post-thumbnail","hentry","category-edukacija","category-izdvajamo","tag-kamp","tag-konstruktivno-novinarstvo","tag-price-koje-nude-resenja"],"jetpack_featured_media_url":"https:\/\/www.mladibl.com\/wp-content\/uploads\/2025\/05\/Poziv-za-prijave-na-kamp-konstruktivnog-novinarstva_-Price-koje-nude-rjesenja.jpg","amp_enabled":true,"_links":{"self":[{"href":"https:\/\/www.mladibl.com\/index.php?rest_route=\/wp\/v2\/posts\/46558","targetHints":{"allow":["GET"]}}],"collection":[{"href":"https:\/\/www.mladibl.com\/index.php?rest_route=\/wp\/v2\/posts"}],"about":[{"href":"https:\/\/www.mladibl.com\/index.php?rest_route=\/wp\/v2\/types\/post"}],"author":[{"embeddable":true,"href":"https:\/\/www.mladibl.com\/index.php?rest_route=\/wp\/v2\/users\/1"}],"replies":[{"embeddable":true,"href":"https:\/\/www.mladibl.com\/index.php?rest_route=%2Fwp%2Fv2%2Fcomments&post=46558"}],"version-history":[{"count":1,"href":"https:\/\/www.mladibl.com\/index.php?rest_route=\/wp\/v2\/posts\/46558\/revisions"}],"predecessor-version":[{"id":46559,"href":"https:\/\/www.mladibl.com\/index.php?rest_route=\/wp\/v2\/posts\/46558\/revisions\/46559"}],"wp:featuredmedia":[{"embeddable":true,"href":"https:\/\/www.mladibl.com\/index.php?rest_route=\/wp\/v2\/media\/46549"}],"wp:attachment":[{"href":"https:\/\/www.mladibl.com\/index.php?rest_route=%2Fwp%2Fv2%2Fmedia&parent=46558"}],"wp:term":[{"taxonomy":"category","embeddable":true,"href":"https:\/\/www.mladibl.com\/index.php?rest_route=%2Fwp%2Fv2%2Fcategories&post=46558"},{"taxonomy":"post_tag","embeddable":true,"href":"https:\/\/www.mladibl.com\/index.php?rest_route=%2Fwp%2Fv2%2Ftags&post=46558"}],"curies":[{"name":"wp","href":"https:\/\/api.w.org\/{rel}","templated":true}]}}