{"id":46556,"date":"2025-05-28T07:49:06","date_gmt":"2025-05-28T05:49:06","guid":{"rendered":"https:\/\/www.mladibl.com\/?p=46556"},"modified":"2025-05-28T07:49:12","modified_gmt":"2025-05-28T05:49:12","slug":"dogadaj-godine-16-juna-koncert-poklon-republici","status":"publish","type":"post","link":"https:\/\/www.mladibl.com\/?p=46556","title":{"rendered":"Doga\u0111aj godine: 16. juna koncert &#8220;Poklon Republici&#8221;"},"content":{"rendered":"\n<p><strong>Godi\u0161nji koncert Univerziteta u Banjoj Luci, pod nazivom \u201ePoklon Republici\u201d, bi\u0107e odr\u017ean u ponedjeljak, 16. juna 2025. godine, s po\u010detkom u 21.00 \u010das, na otvorenom, na platou Filozofskog fakulteta u Univerzitetskom gradu.<\/strong><\/p>\n\n\n\n<p>Ovaj sve\u010dani koncert dio je manifestacija povodom obilje\u017eavanja 50 godina uspje\u0161nog rada i razvoja Univerziteta u Banjoj Luci, a njime \u0107e se ujedno obilje\u017eiti i zavr\u0161etak nastave u akademskoj 2024\/2025. godini, kao i Svjetski dan muzike.<\/p>\n\n\n\n<p>Na koncertu \u0107e nastupiti Simfonijski orkestar Akademije umjetnosti Univerziteta u Banjoj Luci, pod dirigentskom palicom prof. mr Branke Rado\u0161evi\u0107 Mitrovi\u0107. Publika \u0107e imati priliku da u\u017eiva u muzici iz doma\u0107ih i stranih filmova, kao i u posebnom programskom iznena\u0111enju \u2013 zajedni\u010dkom nastupu simfonijskog orkestra i gostuju\u0107eg DJ-a.<\/p>\n\n\n\n<p>Koncert ,,Poklon Republici\u201d predstavlja nastavak tradicije zapo\u010dete pro\u0161le godine, kada je prvi put organizovan godi\u0161nji koncert Univerziteta u Banjoj Luci pod otvorenim nebom, u istom prostoru. Pro\u0161logodi\u0161nji koncert izazvao je veliko interesovanje publike i veoma pozitivne reakcije, \u010dime je uspje\u0161no postavljen temelj ovoj novoj univerzitetskoj muzi\u010dkoj tradiciji.<\/p>\n\n\n\n<p>Koncert \u0107e u\u017eivo prenositi Radio-televizija Republike Srpske, omogu\u0107iv\u0161i svim zainteresovanim gra\u0111anima da prate ovaj zna\u010dajan kulturni doga\u0111aj. Generalni sponzor koncerta je Kabinet predsjednika Republike Srpske, dok je Radio-televizija Republike Srpske generalni medijski pokrovitelj.<\/p>\n\n\n\n<p>Pozivamo sve studente, profesore, gra\u0111ane i ljubitelje muzike da se pridru\u017ee ovom nezaboravnom koncertu na otvorenom.<\/p>\n\n\n\n<p>Ulaz je besplatan.<\/p>\n\n\n\n<figure class=\"wp-block-image size-large\"><img decoding=\"async\" src=\"https:\/\/unibl.org\/uploads\/attachment\/vest\/15698\/large_IMG_0118.JPG\" alt=\"\"\/><\/figure>\n\n\n\n<p>Preuzeto sa: <a href=\"https:\/\/unibl.org\/sr-lat\/vesti\/2025\/05\/dogadjaj-godine-16-juna-koncert-poklon-republici\" target=\"_blank\" rel=\"noreferrer noopener\">unibl.org<\/a><\/p>\n","protected":false},"excerpt":{"rendered":"<p>Godi\u0161nji koncert Univerziteta u Banjoj Luci, pod nazivom \u201ePoklon Republici\u201d, bi\u0107e odr\u017ean u ponedjeljak, 16. juna 2025. godine, s po\u010detkom<\/p>\n","protected":false},"author":1,"featured_media":46550,"comment_status":"closed","ping_status":"open","sticky":false,"template":"","format":"standard","meta":{"om_disable_all_campaigns":false,"_monsterinsights_skip_tracking":false,"_monsterinsights_sitenote_active":false,"_monsterinsights_sitenote_note":"","_monsterinsights_sitenote_category":0,"footnotes":""},"categories":[6],"tags":[7455,13037,74],"class_list":["post-46556","post","type-post","status-publish","format-standard","has-post-thumbnail","hentry","category-dogadjaji","tag-godisnji-koncert","tag-poklon-republici","tag-univerzitet-u-banjoj-luci"],"jetpack_featured_media_url":"https:\/\/www.mladibl.com\/wp-content\/uploads\/2025\/05\/Dogadaj-godine_-16.-juna-koncert-Poklon-Republici.jpg","amp_enabled":true,"_links":{"self":[{"href":"https:\/\/www.mladibl.com\/index.php?rest_route=\/wp\/v2\/posts\/46556","targetHints":{"allow":["GET"]}}],"collection":[{"href":"https:\/\/www.mladibl.com\/index.php?rest_route=\/wp\/v2\/posts"}],"about":[{"href":"https:\/\/www.mladibl.com\/index.php?rest_route=\/wp\/v2\/types\/post"}],"author":[{"embeddable":true,"href":"https:\/\/www.mladibl.com\/index.php?rest_route=\/wp\/v2\/users\/1"}],"replies":[{"embeddable":true,"href":"https:\/\/www.mladibl.com\/index.php?rest_route=%2Fwp%2Fv2%2Fcomments&post=46556"}],"version-history":[{"count":1,"href":"https:\/\/www.mladibl.com\/index.php?rest_route=\/wp\/v2\/posts\/46556\/revisions"}],"predecessor-version":[{"id":46557,"href":"https:\/\/www.mladibl.com\/index.php?rest_route=\/wp\/v2\/posts\/46556\/revisions\/46557"}],"wp:featuredmedia":[{"embeddable":true,"href":"https:\/\/www.mladibl.com\/index.php?rest_route=\/wp\/v2\/media\/46550"}],"wp:attachment":[{"href":"https:\/\/www.mladibl.com\/index.php?rest_route=%2Fwp%2Fv2%2Fmedia&parent=46556"}],"wp:term":[{"taxonomy":"category","embeddable":true,"href":"https:\/\/www.mladibl.com\/index.php?rest_route=%2Fwp%2Fv2%2Fcategories&post=46556"},{"taxonomy":"post_tag","embeddable":true,"href":"https:\/\/www.mladibl.com\/index.php?rest_route=%2Fwp%2Fv2%2Ftags&post=46556"}],"curies":[{"name":"wp","href":"https:\/\/api.w.org\/{rel}","templated":true}]}}