{"id":46500,"date":"2025-05-22T06:33:44","date_gmt":"2025-05-22T04:33:44","guid":{"rendered":"https:\/\/www.mladibl.com\/?p=46500"},"modified":"2025-05-22T06:33:50","modified_gmt":"2025-05-22T04:33:50","slug":"javni-poziv-srednjoskolcima-za-dostavljanje-video-poruka-posvecenih-poboljsanju-obrazovnog-sistema-u-bosni-i-hercegovini","status":"publish","type":"post","link":"https:\/\/www.mladibl.com\/?p=46500","title":{"rendered":"Javni poziv srednjo\u0161kolcima za dostavljanje video poruka posve\u0107enih pobolj\u0161anju obrazovnog sistema u Bosni i Hercegovini"},"content":{"rendered":"\n<p>Komentari isklju\u010deni za Javni poziv srednjo\u0161kolcima za dostavljanje video poruka posve\u0107enih pobolj\u0161anju obrazovnog sistema u Bosni i Hercegovini<\/p>\n\n\n\n<p>Asocijacija srednjo\u0161kolaca u Bosni i Hercegovini (ASuBiH) poziva sve zainteresovane srednjo\u0161kolce iz Bosne i Hercegovine da u\u010destvuju u realizaciji aktivnosti pod nazivom \u201e<strong>Bolje obrazovanje za nas\u201d, <\/strong>koja ima za cilj prikazati i unaprijediti sliku obrazovanja u Bosni i Hercegovini.<\/p>\n\n\n\n<p>U\u010de\u0161\u0107e u ovom projektu predstavlja <strong>idealnu priliku<\/strong> za sve srednjo\u0161kolce koji \u017eele da se izraze na kreativan na\u010din i ostave svoj jedinstven trag kroz video sadr\u017eaj.<\/p>\n\n\n\n<p>Ponudite nam prijedloge za prevazila\u017eenje problema s kojima se suo\u010davamo u srednjim \u0161kolama jer pozitivnim primjerima gradimo <strong>bolje obrazovanje za sve nas!<\/strong><\/p>\n\n\n\n<p>Ukoliko \u017eelite u\u010destvovati, kroz svoju video poruku nam odgovorite na par pitanja:<\/p>\n\n\n\n<ol class=\"wp-block-list\">\n<li>Kakav je tvoj \/ va\u0161 pogled na obrazovni sistem i srednje \u0161kole u Bosni i Hercegovini?;<\/li>\n\n\n\n<li>\u0160ta bi \/ biste pobolj\u0161ali u obrazovnom sistemu Bosne i Hercegovine?<\/li>\n\n\n\n<li>Kako u tvojim \/\u00a0 va\u0161im o\u010dima izgleda super\u0161kola?<\/li>\n<\/ol>\n\n\n\n<p>Naravno, ova pitanja su samo smjernice za va\u0161e video materijale, budite slobodni izraziti se onako kako vi \u017eelite. Aplicirati mo\u017eete individualno ili u grupama.<\/p>\n\n\n\n<p>Prilikom snimanja videa, molimo vas da vodite ra\u010duna o narednim uvjetima:<\/p>\n\n\n\n<ol class=\"wp-block-list\">\n<li>Video ne treba trajati du\u017ee od dvije minute;<\/li>\n\n\n\n<li>Video treba biti sniman u 16:9 landscape (horizontalnom) formatu;<\/li>\n\n\n\n<li>Izbje\u0107i pozadinsku buku, zvuk treba biti jasan;<\/li>\n\n\n\n<li>Snimaj na dobro osvijetljenom mjestu (najbolje prirodno svjetlo).<\/li>\n<\/ol>\n\n\n\n<p>Najbolji videozapisi \u0107e se koristiti za promotivnu kampanju Misije OSCE-a u Bosni i Hercegovini posve\u0107enoj obrazovanju u Bosni i Hercegovini. Pobjednici ne\u0107e dobiti samo simboli\u010dne nagrade, ve\u0107 i podr\u0161ku da naprave razliku i implementiraju volontersku akciju u svojoj \u0161koli ili zajednici.<\/p>\n\n\n\n<p><strong><em>Od u\u010desnika se o\u010dekuje rad u skladu sa uputstvima organizatora, odgovornost, po\u0161tivanje zadanih rokova i prethodnog dogovora.&nbsp;<\/em><\/strong><\/p>\n\n\n\n<p><strong>Konkurs ostaje otvoren do 01.06.2025. godine<\/strong>, a prijaviti se mo\u017eete popunjavanjem prijavnice.<\/p>\n\n\n\n<p><strong>Prijavnica za u\u010desnike: <\/strong>&nbsp;<a href=\"https:\/\/forms.gle\/LqKK5UqXAzTvjuz48\"><strong>https:\/\/forms.gle\/LqKK5UqXAzTvjuz48<\/strong><\/a><\/p>\n\n\n\n<p>Svi kandidati biti \u0107e kontaktirani u roku od deset dana nakon zatvaranja konkursa.<\/p>\n\n\n\n<p>Ukoliko imate dodatnih pitanja, nedoumica ili tragate za vi\u0161e informacija obratite se na na\u0161u email adresu: <a href=\"mailto:asubih@yahoo.com\">asubih@yahoo.com<\/a> ili <a href=\"mailto:lamija.lapo@asubih.ba\">lamija.lapo@asubih.ba<\/a>.<\/p>\n\n\n\n<p><em>Aktivnost \u201eBolje obrazovanje za nas\u201c&nbsp; podr\u017eala je Misija OSCE-a u Bosni i Hercegovini.<\/em><\/p>\n\n\n\n<p>Preuzeto sa: <a href=\"https:\/\/asubih.ba\/javni-poziv-srednjoskolcima-za-dostavljanje-video-poruka-posvecenih-poboljsanju-obrazovnog-sistema-u-bosni-i-hercegovini\/\" target=\"_blank\" rel=\"noreferrer noopener\">asubih.ba<\/a><\/p>\n","protected":false},"excerpt":{"rendered":"<p>Komentari isklju\u010deni za Javni poziv srednjo\u0161kolcima za dostavljanje video poruka posve\u0107enih pobolj\u0161anju obrazovnog sistema u Bosni i Hercegovini Asocijacija srednjo\u0161kolaca<\/p>\n","protected":false},"author":1,"featured_media":46476,"comment_status":"closed","ping_status":"open","sticky":false,"template":"","format":"standard","meta":{"om_disable_all_campaigns":false,"_monsterinsights_skip_tracking":false,"_monsterinsights_sitenote_active":false,"_monsterinsights_sitenote_note":"","_monsterinsights_sitenote_category":0,"footnotes":""},"categories":[12],"tags":[14174,7497,61,1433],"class_list":["post-46500","post","type-post","status-publish","format-standard","has-post-thumbnail","hentry","category-srednjoskolci","tag-obrazovani-sistem","tag-poruke","tag-srednjoskolci","tag-video"],"jetpack_featured_media_url":"https:\/\/www.mladibl.com\/wp-content\/uploads\/2025\/05\/Javni-poziv-srednjoskolcima-za-dostavljanje-video-poruka.jpg","amp_enabled":true,"_links":{"self":[{"href":"https:\/\/www.mladibl.com\/index.php?rest_route=\/wp\/v2\/posts\/46500","targetHints":{"allow":["GET"]}}],"collection":[{"href":"https:\/\/www.mladibl.com\/index.php?rest_route=\/wp\/v2\/posts"}],"about":[{"href":"https:\/\/www.mladibl.com\/index.php?rest_route=\/wp\/v2\/types\/post"}],"author":[{"embeddable":true,"href":"https:\/\/www.mladibl.com\/index.php?rest_route=\/wp\/v2\/users\/1"}],"replies":[{"embeddable":true,"href":"https:\/\/www.mladibl.com\/index.php?rest_route=%2Fwp%2Fv2%2Fcomments&post=46500"}],"version-history":[{"count":1,"href":"https:\/\/www.mladibl.com\/index.php?rest_route=\/wp\/v2\/posts\/46500\/revisions"}],"predecessor-version":[{"id":46501,"href":"https:\/\/www.mladibl.com\/index.php?rest_route=\/wp\/v2\/posts\/46500\/revisions\/46501"}],"wp:featuredmedia":[{"embeddable":true,"href":"https:\/\/www.mladibl.com\/index.php?rest_route=\/wp\/v2\/media\/46476"}],"wp:attachment":[{"href":"https:\/\/www.mladibl.com\/index.php?rest_route=%2Fwp%2Fv2%2Fmedia&parent=46500"}],"wp:term":[{"taxonomy":"category","embeddable":true,"href":"https:\/\/www.mladibl.com\/index.php?rest_route=%2Fwp%2Fv2%2Fcategories&post=46500"},{"taxonomy":"post_tag","embeddable":true,"href":"https:\/\/www.mladibl.com\/index.php?rest_route=%2Fwp%2Fv2%2Ftags&post=46500"}],"curies":[{"name":"wp","href":"https:\/\/api.w.org\/{rel}","templated":true}]}}