{"id":46496,"date":"2025-05-22T06:30:20","date_gmt":"2025-05-22T04:30:20","guid":{"rendered":"https:\/\/www.mladibl.com\/?p=46496"},"modified":"2025-05-22T06:39:01","modified_gmt":"2025-05-22T04:39:01","slug":"mtel-strucna-praksa-2025","status":"publish","type":"post","link":"https:\/\/www.mladibl.com\/?p=46496","title":{"rendered":"mtel: Stru\u010dna praksa 2025."},"content":{"rendered":"\n<p>\u017deli\u0161 obaviti stru\u010dnu praksu u velikoj kompaniji, ste\u0107i iskustvo rada \u201eiz prve ruke\u201c, primijeniti tehni\u010dka znanja koja si sticao tokom prethodnih godina studiranja i usvojiti nova koja se ne u\u010de na fakultetu?<br><br>I ove godine organizujemo ljetnu akademiju u kojoj \u0107e studenti imati priliku da upoznaju poslovne procese i tehnologije u na\u0161oj kompaniji, uvide razliku izme\u0111u akademskog i profesionalnog rada i osjete timski duh u saradnji sa drugim timovima.<\/p>\n\n\n\n<h2 class=\"wp-block-heading\">Zabilje\u017eite datum!<\/h2>\n\n\n\n<p>Stru\u010dna praksa \u0107e biti odr\u017eana u avgustu 2025. godine, kroz realizaciju \u010detiri programa u trajanju od 10 radnih dana. Za svaki program prakse bi\u0107e formirana grupa koju \u010dini najvi\u0161e 10 studenata.<\/p>\n\n\n\n<h2 class=\"wp-block-heading\">DevOps Essentials<\/h2>\n\n\n\n<p>4. avgust \u2013 15. avgust 2025.<\/p>\n\n\n\n<h2 class=\"wp-block-heading\">Network Programming<\/h2>\n\n\n\n<p>4. avgust \u2013 15. avgust 2025.<\/p>\n\n\n\n<h2 class=\"wp-block-heading\">IoT \u2013 Internet of Things<\/h2>\n\n\n\n<p>11. avgust &#8211; 22. avgust 2025.<\/p>\n\n\n\n<h2 class=\"wp-block-heading\">Streaming Data Analytics<\/h2>\n\n\n\n<p>11. avgust \u2013 22. avgust 2025.<\/p>\n\n\n\n<h2 class=\"wp-block-heading\">Ko se mo\u017ee prijaviti?<\/h2>\n\n\n\n<p>Na praksu se mogu prijaviti studenti: ETF Banjaluka, ETF Isto\u010dno Sarajevo, FET Tuzla, PMF Banja Luka, FTN Novi Sad.<br>Ukoliko nisi iz Banjaluke, kompanija m:tel \u0107e tokom obavljanja prakse pokriti tro\u0161kove smje\u0161taja i boravka u gradu na Vrbasu.<\/p>\n\n\n\n<h2 class=\"wp-block-heading\">Rok za prijave: 15. juni 2025.<\/h2>\n\n\n\n<p>Zainteresovani studenti se mogu prijaviti putem online forme:<a href=\"https:\/\/ap868rlq.forms.app\/praksa-prijava\">PRIJAVI SE OVDJE<\/a><\/p>\n\n\n\n<p>Napomene:<\/p>\n\n\n\n<p>Prilikom prijave na praksu, student \u0107e imati mogu\u0107nost da odabere vi\u0161e programa prakse, pri \u010demu je obavezno izabrati najmanje dva programa.<\/p>\n\n\n\n<p>Studenti \u0107e biti raspore\u0111eni u grupe prema principu prioriteta, pri \u010demu prednost ima onaj program koji student odabere kao prvu opciju.<\/p>\n\n\n\n<p>Ukoliko bude previ\u0161e prijava za odre\u0111eni program, raspored grupa \u0107e biti uskla\u0111en sa sljede\u0107om opcijom sa liste.<\/p>\n\n\n\n<p>Kompanija m:tel zadr\u017eava pravo izbora kandidata, pri \u010demu prednost imaju stipendisti kompanije i studenti sa boljim nastavnim i vannastavnim postignu\u0107ima.<\/p>\n\n\n\n<p>Va\u017eno je napomenuti da postoji mogu\u0107nost dodatnog anga\u017eovanja za studente koji imaju obavezan fond sati ve\u0107i od ovih koji su predvi\u0111eni programom, \u0161to \u0107e biti dogovoreno sa mentorom.<\/p>\n\n\n\n<h2 class=\"wp-block-heading\">Ima\u0161 li pitanje u vezi sa studentskom praksom?<\/h2>\n\n\n\n<p>Obrati nam se na e-mail adresu: <strong><a href=\"mailto:praksa@mtel.ba\">praksa@mtel.ba<\/a><\/strong><\/p>\n\n\n\n<p>Preuzeto sa: <a href=\"https:\/\/mtel.ba\/praksa\" target=\"_blank\" rel=\"noreferrer noopener\">https:\/\/mtel.ba\/praksa<\/a><\/p>\n","protected":false},"excerpt":{"rendered":"<p>\u017deli\u0161 obaviti stru\u010dnu praksu u velikoj kompaniji, ste\u0107i iskustvo rada \u201eiz prve ruke\u201c, primijeniti tehni\u010dka znanja koja si sticao tokom<\/p>\n","protected":false},"author":1,"featured_media":46478,"comment_status":"closed","ping_status":"open","sticky":false,"template":"","format":"standard","meta":{"om_disable_all_campaigns":false,"_monsterinsights_skip_tracking":false,"_monsterinsights_sitenote_active":false,"_monsterinsights_sitenote_note":"","_monsterinsights_sitenote_category":0,"footnotes":""},"categories":[8692,370],"tags":[1882,174,62],"class_list":["post-46496","post","type-post","status-publish","format-standard","has-post-thumbnail","hentry","category-izdvajamo","category-ostalo","tag-mtel-2","tag-strucna-praksa","tag-studenti"],"jetpack_featured_media_url":"https:\/\/www.mladibl.com\/wp-content\/uploads\/2025\/05\/Strucna-praksa-2025-mtel.jpg","amp_enabled":true,"_links":{"self":[{"href":"https:\/\/www.mladibl.com\/index.php?rest_route=\/wp\/v2\/posts\/46496","targetHints":{"allow":["GET"]}}],"collection":[{"href":"https:\/\/www.mladibl.com\/index.php?rest_route=\/wp\/v2\/posts"}],"about":[{"href":"https:\/\/www.mladibl.com\/index.php?rest_route=\/wp\/v2\/types\/post"}],"author":[{"embeddable":true,"href":"https:\/\/www.mladibl.com\/index.php?rest_route=\/wp\/v2\/users\/1"}],"replies":[{"embeddable":true,"href":"https:\/\/www.mladibl.com\/index.php?rest_route=%2Fwp%2Fv2%2Fcomments&post=46496"}],"version-history":[{"count":1,"href":"https:\/\/www.mladibl.com\/index.php?rest_route=\/wp\/v2\/posts\/46496\/revisions"}],"predecessor-version":[{"id":46497,"href":"https:\/\/www.mladibl.com\/index.php?rest_route=\/wp\/v2\/posts\/46496\/revisions\/46497"}],"wp:featuredmedia":[{"embeddable":true,"href":"https:\/\/www.mladibl.com\/index.php?rest_route=\/wp\/v2\/media\/46478"}],"wp:attachment":[{"href":"https:\/\/www.mladibl.com\/index.php?rest_route=%2Fwp%2Fv2%2Fmedia&parent=46496"}],"wp:term":[{"taxonomy":"category","embeddable":true,"href":"https:\/\/www.mladibl.com\/index.php?rest_route=%2Fwp%2Fv2%2Fcategories&post=46496"},{"taxonomy":"post_tag","embeddable":true,"href":"https:\/\/www.mladibl.com\/index.php?rest_route=%2Fwp%2Fv2%2Ftags&post=46496"}],"curies":[{"name":"wp","href":"https:\/\/api.w.org\/{rel}","templated":true}]}}