{"id":46471,"date":"2025-05-21T14:31:18","date_gmt":"2025-05-21T12:31:18","guid":{"rendered":"https:\/\/www.mladibl.com\/?p=46471"},"modified":"2025-05-21T14:31:24","modified_gmt":"2025-05-21T12:31:24","slug":"koncerti-banjalucanki-26-i-27-maja-u-banskom-dvoru","status":"publish","type":"post","link":"https:\/\/www.mladibl.com\/?p=46471","title":{"rendered":"Koncerti \u201eBanjalu\u010danki\u201c 26. i 27. maja u Banskom dvoru"},"content":{"rendered":"\n<p>\u017denski kamerni hor \u201eBanjalu\u010danke\u201c odr\u017ea\u0107e 26. i 27. maja koncerte u Banskom dvoru.<\/p>\n\n\n\n<p>-Vrijeme je da i zvani\u010dno najavimo odr\u017eavanje dva koncerta u na\u0161oj najdra\u017eoj Koncertnoj dvorani Banskog dvora \u2013 naveli su iz ovog hora i dodali da oba koncerta po\u010dinju u 20.00 \u010dasova.<\/p>\n\n\n\n<p>Saop\u0161tili su da besplatne pozivnice zainteresovani mogu preuzeti svakim radnim danom na biletarnici Banskog dvora od 12.00 do 18.00 \u010dasova.<\/p>\n\n\n\n<figure class=\"wp-block-image\"><img decoding=\"async\" src=\"https:\/\/www.banjaluka.rs.ba\/wp-content\/uploads\/2025\/05\/499730830_1253596010106734_4050984744748271476_n.jpg\" alt=\"\"\/><\/figure>\n\n\n\n<p>Preuzeto sa: <a href=\"https:\/\/www.banjaluka.rs.ba\/koncerti-banjalucanki-26-i-27-maja\/?sr_pismo=lat\" target=\"_blank\" rel=\"noreferrer noopener\">banjaluka.rs.ba<\/a><\/p>\n","protected":false},"excerpt":{"rendered":"<p>\u017denski kamerni hor \u201eBanjalu\u010danke\u201c odr\u017ea\u0107e 26. i 27. maja koncerte u Banskom dvoru. -Vrijeme je da i zvani\u010dno najavimo odr\u017eavanje<\/p>\n","protected":false},"author":1,"featured_media":46456,"comment_status":"closed","ping_status":"open","sticky":false,"template":"","format":"standard","meta":{"om_disable_all_campaigns":false,"_monsterinsights_skip_tracking":false,"_monsterinsights_sitenote_active":false,"_monsterinsights_sitenote_note":"","_monsterinsights_sitenote_category":0,"footnotes":""},"categories":[2],"tags":[9753,881,5327],"class_list":["post-46471","post","type-post","status-publish","format-standard","has-post-thumbnail","hentry","category-vijesti","tag-banjalucanke-2","tag-banski-dvor","tag-koncerti"],"jetpack_featured_media_url":"https:\/\/www.mladibl.com\/wp-content\/uploads\/2025\/05\/Koncerti-\u201eBanjalucanki-26.-i-27.-maja-u-Banskom-dvoru.jpg","amp_enabled":true,"_links":{"self":[{"href":"https:\/\/www.mladibl.com\/index.php?rest_route=\/wp\/v2\/posts\/46471","targetHints":{"allow":["GET"]}}],"collection":[{"href":"https:\/\/www.mladibl.com\/index.php?rest_route=\/wp\/v2\/posts"}],"about":[{"href":"https:\/\/www.mladibl.com\/index.php?rest_route=\/wp\/v2\/types\/post"}],"author":[{"embeddable":true,"href":"https:\/\/www.mladibl.com\/index.php?rest_route=\/wp\/v2\/users\/1"}],"replies":[{"embeddable":true,"href":"https:\/\/www.mladibl.com\/index.php?rest_route=%2Fwp%2Fv2%2Fcomments&post=46471"}],"version-history":[{"count":1,"href":"https:\/\/www.mladibl.com\/index.php?rest_route=\/wp\/v2\/posts\/46471\/revisions"}],"predecessor-version":[{"id":46472,"href":"https:\/\/www.mladibl.com\/index.php?rest_route=\/wp\/v2\/posts\/46471\/revisions\/46472"}],"wp:featuredmedia":[{"embeddable":true,"href":"https:\/\/www.mladibl.com\/index.php?rest_route=\/wp\/v2\/media\/46456"}],"wp:attachment":[{"href":"https:\/\/www.mladibl.com\/index.php?rest_route=%2Fwp%2Fv2%2Fmedia&parent=46471"}],"wp:term":[{"taxonomy":"category","embeddable":true,"href":"https:\/\/www.mladibl.com\/index.php?rest_route=%2Fwp%2Fv2%2Fcategories&post=46471"},{"taxonomy":"post_tag","embeddable":true,"href":"https:\/\/www.mladibl.com\/index.php?rest_route=%2Fwp%2Fv2%2Ftags&post=46471"}],"curies":[{"name":"wp","href":"https:\/\/api.w.org\/{rel}","templated":true}]}}