{"id":46463,"date":"2025-05-21T14:25:11","date_gmt":"2025-05-21T12:25:11","guid":{"rendered":"https:\/\/www.mladibl.com\/?p=46463"},"modified":"2025-05-21T14:25:17","modified_gmt":"2025-05-21T12:25:17","slug":"zbog-odrzavanja-manifestacije-runmore-weekend-izmjena-u-rezimu-saobracaja-24-i-25-maja","status":"publish","type":"post","link":"https:\/\/www.mladibl.com\/?p=46463","title":{"rendered":"Zbog odr\u017eavanja manifestacije \u201eRun&#038;More Weekend\u201c izmjena u re\u017eimu saobra\u0107aja 24. i 25. maja"},"content":{"rendered":"\n<p>Zbog odr\u017eavanja sportske manifestacije \u201eRun&amp;More Weekend\u201c festival u subotu i nedjelju, 24. i 25. maja 2025. godine do\u0107i \u0107e do obustave saobra\u0107aja u odre\u0111enim vremenskim periodima u vi\u0161e ulica na podru\u010dju grada.<\/p>\n\n\n\n<p>U subotu,&nbsp;24. maja, u vremenu od 07.00 do 11.00 \u010dasova i od 17.00 do 22.00 \u010dasa do\u0107i \u0107e do obustave saobra\u0107aja, i to u:<\/p>\n\n\n\n<p>-Ulici Olimpijskih pobjednika, na dijelu od Ulice kralja Petra I Kara\u0111or\u0111evi\u0107a do Bulevara srpske vojske \u2013 od 09.00 do 11.00 \u010dasova;<\/p>\n\n\n\n<p>-Ulici Olimpijskih pobjednika, na dijelu od Ulice kralja Petra I Kara\u0111or\u0111evi\u0107a do Bulevara srpske vojske \u2013 od 17.00 do 22.00 \u010dasa;<\/p>\n\n\n\n<p>-u Gunduli\u0107evoj ulici \u2013 na dijelu od raskrsnice sa Ulicom Olimpijskih pobjednika do raskrsnice sa ogrankom Gunduli\u0107eve ulice (neposredno prije raskrsnice kod objekta ATV) od 17.00 do 22.00 \u010dasa;<\/p>\n\n\n\n<p>-Ulica kralja Petra Kara\u0111or\u0111evi\u0107a, na dijelu od Ulice Olimpijskih pobjednika do raskrsnice sa Srpskom ulicom (kod hotela \u201eBosna\u201c) \u2013 od 19,00 do 22,00 \u010dasa,<\/p>\n\n\n\n<p>-Ulica Vuka Karad\u017ei\u0107a, na dijelu od Ulice kralja Petra I Kara\u0111or\u0111evi\u0107a do Vidovdanske ulice, od 19.00 do 22.00 \u010dasa,<\/p>\n\n\n\n<p>-Aleja Svetog Save na dijelu od Ulice kralja Petra I Kara\u0111or\u0111evi\u0107a do Ulice Vladike Platona, od 19.00 do 22.00 \u010dasa,<\/p>\n\n\n\n<p>U nedjelju, 25. maja, u vremenu od 07.00 do 11.00 \u010dasova do\u0107i \u0107e do obustave saobra\u0107aja, i to u:<\/p>\n\n\n\n<p>\u2013 Ulici Olimpijskih pobjednika, na dijelu od Ulice kralja Petra I Kara\u0111or\u0111evi\u0107a do Bulevara srpske vojske,<\/p>\n\n\n\n<p>\u2013 Gunduli\u0107evoj ulici,<\/p>\n\n\n\n<p>\u2013 Ulici Gavre Vu\u010dkovi\u0107a,<\/p>\n\n\n\n<p>\u2013 Ulici Majke Jugovi\u0107a, na dijelu od Ulice Gavre Vu\u010dkovi\u0107a do Bulevara vojvode Stepe Stepanovi\u0107a,<\/p>\n\n\n\n<p>\u2013 Bulevaru vojvode Stepe Stepanovi\u0107a, na dijelu od Ulice majke Jugovi\u0107a do Ulice cara Lazara,<\/p>\n\n\n\n<p>\u2013 Ulici cara Lazara, na dijelu od Bulevara vojvode Stepe Stepanovi\u0107a do Patre,<\/p>\n\n\n\n<p>\u2013 Ulici Patra, na dijelu od Ulice cara Lazara do Ulice Teodora Kolokotronisa,<\/p>\n\n\n\n<p>\u2013 Ulici Teodora Kolokotronisa, na dijelu od Ulice Patre (kroz kru\u017eni tok) do raskrsnice sa Ulicom \u0110ure Dani\u010di\u0107a,<\/p>\n\n\n\n<p>\u2013 Ulici Zdravka \u010celara, od Ulice kralja Petra I Kara\u0111or\u0111evi\u0107a (kroz kru\u017eni tok) do Ulice Teodora Kolokotronisa,<\/p>\n\n\n\n<p>\u2013 Ulici kralja Petra I Kara\u0111or\u0111evi\u0107a, na dijelu od Ulice Bra\u0107e Ma\u017ear i majke Marije (kroz kru\u017eni tok) do Ulice Mladena Stojanovi\u0107a,<\/p>\n\n\n\n<p>\u2013 Bulevaru cara Du\u0161ana, na dijelu od Ulice kraji\u0161kih brigada do Ulice Teodora Kolokotronisa (kroz kru\u017eni tok),<\/p>\n\n\n\n<p>\u2013 Ulici Jovana Du\u010di\u0107a,<\/p>\n\n\n\n<p>\u2013 Ulici Srpskih pilota,<\/p>\n\n\n\n<p>\u2013 Ulici Milana Radmana, na dijelu od Ulice srpskih pilota do Ulice kralja Petra II,<\/p>\n\n\n\n<p>\u2013 Ulici Prvog kraji\u0161kog korpusa,<\/p>\n\n\n\n<p>\u2013 Ulici kralja&nbsp; Petra II,&nbsp; na dijelu od Ulice Milana Radmana do Ulice Trive Amelice,<\/p>\n\n\n\n<p>\u2013 Ulici Trive Amelice, na dijelu od Ulice kralja Petra II do Bulevara srpske vojske,<\/p>\n\n\n\n<p>\u2013 Ulici Dr Mladena Stojanovi\u0107a, na dijelu od Ulice Trive Amelice do Ulice kralja Petra Kara\u0111or\u0111evi\u0107a,<\/p>\n\n\n\n<p>\u2013 Ulici Vuka Karad\u017ei\u0107a, na dijelu od raskrsnice sa Ulicom kralja Petra &nbsp;I Kara\u0111or\u0111evi\u0107 do raskrsnice sa Vidovdanskom &nbsp;ulicom,<\/p>\n\n\n\n<p>\u2013 Aleji Svetog Save od Ulice Vladike Platona do raskrsnice sa Kralja Petra I Kara\u0111or\u0111evi\u0107a,<\/p>\n\n\n\n<p>\u2013 Kninskoj ulici,<\/p>\n\n\n\n<p>\u2013 Vidovdanskoj ulici,<\/p>\n\n\n\n<p>\u2013 Ulici Milana Tepi\u0107a, na dijelu od raskrsnice sa Ulicom kralja Petra I Kara\u0111or\u0111evi\u0107a do raskrsnice sa Kninskom ulicom i<\/p>\n\n\n\n<p>\u2013 Ulici Marije Bursa\u0107, na dijelu od raskrsnice sa Ulicom kralja Petra I Kara\u0111or\u0111evi\u0107a do raskrsnice sa Kninskom ulicom.<\/p>\n\n\n\n<p>Za vrijeme trajanja obustave saobra\u0107aja regulisanje i preusmjeravanje saobra\u0107aja vr\u0161i\u0107e se na propisan na\u010din od strane slu\u017ebenih lica Ministarstva unutra\u0161njih poslova Republike Srpske.<\/p>\n\n\n\n<p>Za vrijeme trajanja obustave saobra\u0107aja, 24. maja u vremenu od 07.00 do 11.00 \u010dasova&nbsp; i 17.00 do 22.00 \u010dasova na linijama javnog gradskog i prigradskog prevoza izvr\u0161i preusmjeravanje autobusa na sljede\u0107i na\u010din:<\/p>\n\n\n\n<ul class=\"wp-block-list\">\n<li>linije javnog gradskog i prigradskog prevoza iz pravca sjevera, koje saobra\u0107aju Ulicom Dr Mladena Stojanovi\u0107a na dijelu od raskrsnice sa Ulicom Trive Amelice do raskrsnice Olimpijskih pobjednika i Kralja Petra Prvog Kara\u0111or\u0111evi\u0107a izvr\u0161i preusmjeravanje pravo Ulicom Trive Amelice na zapadni tranzit, linije koje idu prema Lau\u0161u i Paprikovcu, se preusmjeravaju na kru\u017enom toku u Kara\u0111or\u0111evu ulicu i dalje registrovanom trasom,\u00a0 a ostale linije se dalje preusmjeravaju\u00a0 Bulevarom cara Du\u0161an i dalje registrovanom trasom,<\/li>\n\n\n\n<li>na liniji 9b autobusi iz smjera Borika saobra\u0107aju do kru\u017enog toka u Aleji Svetog Save i nazad,<\/li>\n\n\n\n<li>na liniji 7 autobusi se iz Ulice Ranka \u0160ipke sa Paprikovca preusmjeravaju desno na Zapadni tranzit, Bulevar cara Du\u0161ana i dalje registrovanom trasom,<\/li>\n\n\n\n<li>na liniji 13P autobusi se iz Ulice Kraji\u0161kih brigada preusmjeravaju u Bulevar cara Du\u0161ana i dalje registrovanom trasom,<\/li>\n\n\n\n<li>na liniji 17A autobuse sa Rebrova\u010dkog mosta preusmjeriti Isto\u010dnim tranzitom, Trive Amelice, Zapadnim tranzitom, a u povratku istim ulicama obrnutim redoslijedom,<\/li>\n\n\n\n<li>na liniji 20 autobuse sa Bulevara Petra Bojovi\u0107a preusmjeriti Isto\u010dnim tranzitom, Trive Amelice, Zapadnim tranzitom, a u povratku istim ulicama obrnutim redoslijedom<\/li>\n\n\n\n<li>linija 14 kre\u0107e od Ulice Jug Bogdana, Srpskih ustanika, Rajka Bosni\u0107a, \u0110ede Kecmanovi\u0107a, Bulevar vojvode Stepe Stepanovi\u0107a, Bulevar vojvode Petra Bojovi\u0107a, Bulevar vojvode \u017divojina Mi\u0161i\u0107a, lijevo Gavre Vu\u010dkovi\u0107a, desno Bulevar vojvode Stepe Stepanovi\u0107a, desno u cara Lazara preko mosta Patre\u00a0 do kru\u017enog toka i nazad cara Lazara,\u00a0 Bulevar vojvode Stepe Stepanovi\u0107a, Majke Jugovi\u0107 do Jug Bogdana.Za vrijeme trajanja obustave saobra\u0107aja autobusi na linijama prigradskog i republi\u010dkog prevoza iz smjera sjevera, saobra\u0107aju samo do parkinga \u201eMalta\u201c.Za vrijeme trajanja obustave saobra\u0107aja, 25.maja u vremenu od 7.00 do 11.00 \u010dasova, na\u00a0 linijama javnog gradskog i prigradskog prevoza izvr\u0161i\u0107e se preusmjeravanje autobusa na sljede\u0107i na\u010din:<\/li>\n<\/ul>\n\n\n\n<ul class=\"wp-block-list\">\n<li>linije broj 1 i 6, se preusmjeravaju iz Ulice bra\u0107e Pi\u0161telji\u0107a u ulice Ivana Gorana Kova\u010di\u0107a, Kraji\u0161kih brigada i dalje postoje\u0107om trasom, u povratku istim ulicama obrnutim redoslijedom,<\/li>\n\n\n\n<li>linija 3 i 3b iz bulevara vojvode Stepe Stepanovi\u0107a u Bulevar Desanke Maksimovi\u0107a, novoizgra\u0111eni isto\u010dni tranzita do kru\u017enog toga sa Ulicom Cara Lazara,<\/li>\n\n\n\n<li>linije broj 7, se preusmjerava iz Ulice Skendera Kulenovi\u0107a u ulice Solunsku, Omladinsku, Kraji\u0161kih brigada, Ranka \u0160ipke i dalje postoje\u0107om trasom, u povratku istim ulicama obrnutim redoslijedom,<\/li>\n\n\n\n<li>linije broj 8, se preusmjerava iz Ulice bra\u0107e Pi\u0161telji\u0107a u ulice Ivana Gorana Kova\u010di\u0107a, Kraji\u0161kih brigada, Omladinska, Solunska, Skendera Kulenovi\u0107a i dalje postoje\u0107om trasom, u povratku istim ulicama obrnutim redoslijedom,<\/li>\n\n\n\n<li>linije broj 9 i \u00a0Banjaluka \u2013 Ljuba\u010devo\u00a0 se preusmjeravaju iz Bulevara Srpske vojske u Bulevar vojvode Petra Bojovi\u0107a, Bulevar Desanke Maksimovi\u0107, novoizgra\u0111eni dio isto\u010dnog tranita, Ulica Gavrila Principa, Vojvode Pere Krece\u00a0 i dalje postoje\u0107om trasom, u povratku istim ulicama obrnutim redoslijedom,<\/li>\n\n\n\n<li>linija broj 9 B se preusmjerava iz Bulevara Petra Bojovi\u0107a pravo, Bulevarom srpske vojske i dalje postoje\u0107om trasom,<\/li>\n\n\n\n<li>linija broj 12, 19, 39, 39a se preusmjerava u Ulicu Kraji\u0161kih brigada do kru\u017enog toka kod Gimnazije i nazad istom trasom u obrnutom smjeru,<\/li>\n\n\n\n<li>linija broj 10, 13, se preusmjeravaju iz Bulevara srpske vojske u Bulevar vojvode Petra Bojovi\u0107a, Bulevar Desanke Maksimovi\u0107a, novoizgra\u0111enim dijelom isto\u010dnog tranzita, Gavrila Principa i dalje postoje\u0107om trasom, u povratku istim ulicama obrnutim redoslijedom,<\/li>\n\n\n\n<li>linije broj 13a i 13c se preusmjeravaju iz Ulice bra\u0107e Pi\u0161telji\u0107a u ulice Ivana Gorana Kova\u010di\u0107a, Kraji\u0161kih brigada, do kru\u017enog toka i nazad istom trasom obrnutim redoslijedom,<\/li>\n\n\n\n<li>linija broj 13b se preusmjerava iz Ulice Knjaza Milo\u0161a u ulice Ivana Gorana Kova\u010di\u0107a, Kraji\u0161kih brigada, Omladinska, Solunska, Skendera Kulenovi\u0107a, Radoje Domanovi\u0107a i dalje postoje\u0107om trasom, u povratku istim ulicama obrnutim redoslijedom,<\/li>\n\n\n\n<li>linija broj 13p se preusmjerava Ulicama Kraji\u0161kih brigada, Omladinska, Radoje Domanovi\u0107a, Gavrila Principa i novoizgra\u0111enim dijelom isto\u010dnog tranzita do okretnice u povratku istim ulicama obrnutim redoslijedom,<\/li>\n\n\n\n<li>linija broj 14 se preusmjerava tako da autobusi saobra\u0107aju ulicama Srpskih ustanika, Jug Bogdana, Bulevar Desanke Maksimovi\u0107a, Bulevar Petra Bojevi\u0107a, Bulevar srpske vojske, Ivana Gorana Kova\u010di\u0107a, Kraji\u0161kih brigada do kru\u017enog toka kod Gimnazije, u povratku istim ulicama obrnutim redoslijedom,<\/li>\n\n\n\n<li>linija broj 14b se preusmjerava iz bulevara Petra Bojovi\u0107a pravo u Bulevar srpske vojske i dalje postoje\u0107om trasom,<\/li>\n\n\n\n<li>linija broj 17 se preusmjerava iz Krfske u novoizgra\u0111eni isto\u010dni tranzit, Gavrila Principa, Branka Mora\u010de, Skendera Kulenovi\u0107a, Solunska, Omladinska, Kara\u0111or\u0111eva i dalje postoje\u0107om trasom, u povratku istim ulicama obrnutim redoslijedom,<\/li>\n\n\n\n<li>linija broj 17a se preusmjerava iz Bulevara vojvode Petra Bojovi\u0107a, Bulevar srpske vojske, Ivana Gorana Kova\u010di\u0107a, Kraji\u0161kih brigada i dalje postoje\u0107om trasom, u povratku istim ulicama obrnutim redoslijedom,<\/li>\n\n\n\n<li>linije javnog prigradskog i republi\u010dkog prevoza iz smjera Bronzanog Majdana, se preusmjeravaju ulicama Kraji\u0161kih brigada, Ivana Gorana Kova\u010di\u0107a i dalje postoje\u0107om trasom prema stanici,<\/li>\n\n\n\n<li>linije javnog republi\u010dkog prevoza iz smjera \u010celinca, se preusmjeravaju Ulicom Bulevar srpske vojske i dalje postoje\u0107om trasom,<\/li>\n\n\n\n<li>linije javnog prigradskog i republi\u010dkog prevoza iz smjera sjevera, se preusmjeravju ulicama Ivana Gorana Kova\u010di\u0107a, Kraji\u0161kih brigada do kru\u017enog toka kod Gimnazije i nazad istom trasom obrnutim redoslijedom. Mole se u\u010desnici u saobra\u0107aju za dodatni oprez i razumijevanje.<\/li>\n<\/ul>\n\n\n\n<p>Preuzeto sa: <a href=\"https:\/\/www.banjaluka.rs.ba\/izmjena-u-rezimu-odvijanja-saobracaja-za-vikend\/?sr_pismo=lat\" target=\"_blank\" rel=\"noreferrer noopener\">banjaluka.rs.ba<\/a><\/p>\n","protected":false},"excerpt":{"rendered":"<p>Zbog odr\u017eavanja sportske manifestacije \u201eRun&amp;More Weekend\u201c festival u subotu i nedjelju, 24. i 25. maja 2025. godine do\u0107i \u0107e do<\/p>\n","protected":false},"author":1,"featured_media":46460,"comment_status":"closed","ping_status":"open","sticky":false,"template":"","format":"standard","meta":{"om_disable_all_campaigns":false,"_monsterinsights_skip_tracking":false,"_monsterinsights_sitenote_active":false,"_monsterinsights_sitenote_note":"","_monsterinsights_sitenote_category":0,"footnotes":""},"categories":[2],"tags":[2555,706,1859,4128],"class_list":["post-46463","post","type-post","status-publish","format-standard","has-post-thumbnail","hentry","category-vijesti","tag-manifestacija","tag-run-and-more","tag-saobracaj","tag-weekend"],"jetpack_featured_media_url":"https:\/\/www.mladibl.com\/wp-content\/uploads\/2025\/05\/Zbog-odrzavanja-manifestacije-\u201eRunMore-Weekend-izmjena-u-rezimu-saobracaja-24.-i-25.-maja.jpg","amp_enabled":true,"_links":{"self":[{"href":"https:\/\/www.mladibl.com\/index.php?rest_route=\/wp\/v2\/posts\/46463","targetHints":{"allow":["GET"]}}],"collection":[{"href":"https:\/\/www.mladibl.com\/index.php?rest_route=\/wp\/v2\/posts"}],"about":[{"href":"https:\/\/www.mladibl.com\/index.php?rest_route=\/wp\/v2\/types\/post"}],"author":[{"embeddable":true,"href":"https:\/\/www.mladibl.com\/index.php?rest_route=\/wp\/v2\/users\/1"}],"replies":[{"embeddable":true,"href":"https:\/\/www.mladibl.com\/index.php?rest_route=%2Fwp%2Fv2%2Fcomments&post=46463"}],"version-history":[{"count":1,"href":"https:\/\/www.mladibl.com\/index.php?rest_route=\/wp\/v2\/posts\/46463\/revisions"}],"predecessor-version":[{"id":46464,"href":"https:\/\/www.mladibl.com\/index.php?rest_route=\/wp\/v2\/posts\/46463\/revisions\/46464"}],"wp:featuredmedia":[{"embeddable":true,"href":"https:\/\/www.mladibl.com\/index.php?rest_route=\/wp\/v2\/media\/46460"}],"wp:attachment":[{"href":"https:\/\/www.mladibl.com\/index.php?rest_route=%2Fwp%2Fv2%2Fmedia&parent=46463"}],"wp:term":[{"taxonomy":"category","embeddable":true,"href":"https:\/\/www.mladibl.com\/index.php?rest_route=%2Fwp%2Fv2%2Fcategories&post=46463"},{"taxonomy":"post_tag","embeddable":true,"href":"https:\/\/www.mladibl.com\/index.php?rest_route=%2Fwp%2Fv2%2Ftags&post=46463"}],"curies":[{"name":"wp","href":"https:\/\/api.w.org\/{rel}","templated":true}]}}