{"id":4608,"date":"2020-12-04T11:43:02","date_gmt":"2020-12-04T09:43:02","guid":{"rendered":"http:\/\/www.mladibl.com\/?p=4608"},"modified":"2020-12-04T11:43:05","modified_gmt":"2020-12-04T09:43:05","slug":"prijavite-se-na-onlajn-konferenciju-o-mladima-i-volontiranju","status":"publish","type":"post","link":"https:\/\/www.mladibl.com\/?p=4608","title":{"rendered":"Prijavite se na onlajn konferenciju o mladima i volontiranju"},"content":{"rendered":"\n<p>Pridru\u017eite se regionalnoj konferenciji \u201eMladi i volontiranje: Interpersonalni razvoj i dru\u0161tveni uticaj kroz u\u010de\u0161c\u0301e mladih u lokalnom i me\u0111unarodnom volontiranju\u201c 5. decembra 2020. u 14:00 (CET) na Zoom platformi.<\/p>\n\n\n\n<p>OBLAST: Omladinski rad, volonterizam<\/p>\n\n\n\n<p>OPIS: Povodom: Me\u0111unarodnog dana volontera i stogodi\u0161njice svjetskog mirovnog pokreta, SCI (Service Civil International) je volontiranjem dokazao stvaran i odr\u017eiv uticaj na izgradnju i \u0161irenje mira, pozivamo mlade ljude, nevladine organizacije, javne i privatne organizacije, medije i sve zainteresovane strane da proslave ovaj va\u017ean dan i razmijene informacije, podatke, \u010dinjenice, modele i prakse, a tako\u0111e u\u010de jedni od drugih i nadahnjuju se.<\/p>\n\n\n\n<p>Regionalna konferencija \u201eMladi i volontiranje\u201c \u0107e obezbijediti forum za diskusiju o dvije \u010dvrste veze na\u0161e me\u0111usobne povezanosti: me\u0111uljudski razvoj i osna\u017eivanje i dru\u0161tveni razvoj.<\/p>\n\n\n\n<p>Volontiranje zvu\u010di samo kao rije\u010d, ponekad usko povezana sa solidarno\u0161c\u0301u. Ali je mnogo vi\u0161e i ima \u0161iri i dublji uticaj na sve. To je:<\/p>\n\n\n\n<ul class=\"wp-block-list\"><li>proces gdje dajete i dobijate,<\/li><li>akt demokratije,<\/li><li>osna\u017eivanje<\/li><li>zabava<\/li><li>empatija i<\/li><li>prije svega VOLJA, Moc\u0301 VOLJE.<\/li><\/ul>\n\n\n\n<p>Projekat je podr\u017ean od strane EU Erasmus+ programa, a sprovodi ga IMPAKT u partnerstvu sa PVN iz Albanije, Global Analitikom iz Bosne i Hercegovine, Mladiinfo iz Crne Gore, Kreatorom iz Sjeverne Makedonije, InnovActive Centrom za socijalno pobolj\u0161anje (ICSI) sa Kosova, AzBukijem iz Srbije, System and Generation iz Turske, Voluntary Service International, VSI iz Irske, Asociatia Babilon Travel (ABT) iz Rumunije, Stowarzyszenie Jeden Swiat, OWA iz Poljske.<\/p>\n\n\n\n<p>USLOVI: Mogu se prijaviti svi zainteresovani.<\/p>\n\n\n\n<p>NA\u010cIN PRIJAVE: Registrujte se i unesite va\u0161e puno ime i prezime <strong><a href=\"https:\/\/us02web.zoom.us\/j\/88917736293\" target=\"_blank\" rel=\"noreferrer noopener\" aria-label=\"https:\/\/us02web.zoom.us\/j\/88917736293 (opens in a new tab)\">https:\/\/us02web.zoom.us\/j\/88917736293<\/a><\/strong><\/p>\n\n\n\n<p>ROK ZA PRIJAVU: 5. decembar 2020. do 14:00<\/p>\n\n\n\n<p>Detaljnije: Za vi\u0161e informacija kontaktirajte nas na mejl: <strong><a href=\"mailto:kontakt@mladiinfo.me\" target=\"_blank\" rel=\"noreferrer noopener\" aria-label=\"kontakt@mladiinfo.me (opens in a new tab)\">kontakt@mladiinfo.me<\/a><\/strong><\/p>\n\n\n\n<p>Preuzeto sa: <a href=\"https:\/\/mladiinfo.me\/prijavite-se-na-onlajn-konferenciju-o-mladima-i-volontiranju\/\" target=\"_blank\" rel=\"noreferrer noopener\" aria-label=\"mladiinfo.me (opens in a new tab)\">mladiinfo.me<\/a><\/p>\n","protected":false},"excerpt":{"rendered":"<p>Pridru\u017eite se regionalnoj konferenciji \u201eMladi i volontiranje: Interpersonalni razvoj i dru\u0161tveni uticaj kroz u\u010de\u0161c\u0301e mladih u lokalnom i me\u0111unarodnom volontiranju\u201c<\/p>\n","protected":false},"author":1,"featured_media":4609,"comment_status":"closed","ping_status":"open","sticky":false,"template":"","format":"standard","meta":{"om_disable_all_campaigns":false,"_monsterinsights_skip_tracking":false,"_monsterinsights_sitenote_active":false,"_monsterinsights_sitenote_note":"","_monsterinsights_sitenote_category":0,"footnotes":""},"categories":[6],"tags":[2276,184,33,34,424,112,108],"class_list":["post-4608","post","type-post","status-publish","format-standard","has-post-thumbnail","hentry","category-dogadjaji","tag-5-decembar","tag-konferencija","tag-mladi","tag-omladina","tag-online","tag-volonteri","tag-volontiranje"],"jetpack_featured_media_url":"https:\/\/www.mladibl.com\/wp-content\/uploads\/2020\/12\/Prijavite-se-na-onlajn-konferenciju-o-mladima-i-volontiranju.jpg","amp_enabled":true,"_links":{"self":[{"href":"https:\/\/www.mladibl.com\/index.php?rest_route=\/wp\/v2\/posts\/4608","targetHints":{"allow":["GET"]}}],"collection":[{"href":"https:\/\/www.mladibl.com\/index.php?rest_route=\/wp\/v2\/posts"}],"about":[{"href":"https:\/\/www.mladibl.com\/index.php?rest_route=\/wp\/v2\/types\/post"}],"author":[{"embeddable":true,"href":"https:\/\/www.mladibl.com\/index.php?rest_route=\/wp\/v2\/users\/1"}],"replies":[{"embeddable":true,"href":"https:\/\/www.mladibl.com\/index.php?rest_route=%2Fwp%2Fv2%2Fcomments&post=4608"}],"version-history":[{"count":1,"href":"https:\/\/www.mladibl.com\/index.php?rest_route=\/wp\/v2\/posts\/4608\/revisions"}],"predecessor-version":[{"id":4610,"href":"https:\/\/www.mladibl.com\/index.php?rest_route=\/wp\/v2\/posts\/4608\/revisions\/4610"}],"wp:featuredmedia":[{"embeddable":true,"href":"https:\/\/www.mladibl.com\/index.php?rest_route=\/wp\/v2\/media\/4609"}],"wp:attachment":[{"href":"https:\/\/www.mladibl.com\/index.php?rest_route=%2Fwp%2Fv2%2Fmedia&parent=4608"}],"wp:term":[{"taxonomy":"category","embeddable":true,"href":"https:\/\/www.mladibl.com\/index.php?rest_route=%2Fwp%2Fv2%2Fcategories&post=4608"},{"taxonomy":"post_tag","embeddable":true,"href":"https:\/\/www.mladibl.com\/index.php?rest_route=%2Fwp%2Fv2%2Ftags&post=4608"}],"curies":[{"name":"wp","href":"https:\/\/api.w.org\/{rel}","templated":true}]}}