{"id":45972,"date":"2025-04-24T07:29:39","date_gmt":"2025-04-24T05:29:39","guid":{"rendered":"https:\/\/www.mladibl.com\/?p=45972"},"modified":"2025-04-24T07:29:45","modified_gmt":"2025-04-24T05:29:45","slug":"novi-termin-humanitarni-koncert-rok-simfonije-za-sergeja-stupara-u-ponedjeljak","status":"publish","type":"post","link":"https:\/\/www.mladibl.com\/?p=45972","title":{"rendered":"Novi termin: Humanitarni koncert \u201eRok simfonije\u201c za Sergeja Stupara u ponedjeljak"},"content":{"rendered":"\n<p>\u201eRok simfonija\u201c u novom terminu odr\u017ea\u0107e humanitarni koncert za Sergeja Stupara&nbsp;i to u ponedjeljak 28. aprila na tvr\u0111avi Kastel.<\/p>\n\n\n\n<p>-Sa velikim ponosom vas obavje\u0161tavamo da 28. aprila mo\u017eete biti heroji. Humanitarni koncert \u201eRok simfonije\u201c iz Banje Luke za Sergeja odr\u017ea\u0107e se na Kastelu 28. aprila. Hvala svima koji su pristali da budu dio ove pobjede za Sergeja \u2013 naglasili su iz \u201eRok simfonije\u201c.<\/p>\n\n\n\n<p>Ovaj koncert bi\u0107e odr\u017ean uz podr\u0161ku Grada.<\/p>\n\n\n\n<p>Preuzeto sa: <a href=\"https:\/\/www.banjaluka.rs.ba\/humanitarni-koncert-rok-simfonije-za-sergeja-stupara-u-ponedjeljak\/\" target=\"_blank\" rel=\"noreferrer noopener\">Grad Banja Luka<\/a><\/p>\n","protected":false},"excerpt":{"rendered":"<p>\u201eRok simfonija\u201c u novom terminu odr\u017ea\u0107e humanitarni koncert za Sergeja Stupara&nbsp;i to u ponedjeljak 28. aprila na tvr\u0111avi Kastel. -Sa<\/p>\n","protected":false},"author":1,"featured_media":45963,"comment_status":"closed","ping_status":"open","sticky":false,"template":"","format":"standard","meta":{"om_disable_all_campaigns":false,"_monsterinsights_skip_tracking":false,"_monsterinsights_sitenote_active":false,"_monsterinsights_sitenote_note":"","_monsterinsights_sitenote_category":0,"footnotes":""},"categories":[2],"tags":[8837,8579,12061],"class_list":["post-45972","post","type-post","status-publish","format-standard","has-post-thumbnail","hentry","category-vijesti","tag-humanitarni-koncert","tag-rok-simfonija","tag-sergej-stupar"],"jetpack_featured_media_url":"https:\/\/www.mladibl.com\/wp-content\/uploads\/2025\/04\/Novi-termin_-Humanitarni-koncert-\u201eRok-simfonije-za-Sergeja-Stupara-u-ponedjeljak.jpg","amp_enabled":true,"_links":{"self":[{"href":"https:\/\/www.mladibl.com\/index.php?rest_route=\/wp\/v2\/posts\/45972","targetHints":{"allow":["GET"]}}],"collection":[{"href":"https:\/\/www.mladibl.com\/index.php?rest_route=\/wp\/v2\/posts"}],"about":[{"href":"https:\/\/www.mladibl.com\/index.php?rest_route=\/wp\/v2\/types\/post"}],"author":[{"embeddable":true,"href":"https:\/\/www.mladibl.com\/index.php?rest_route=\/wp\/v2\/users\/1"}],"replies":[{"embeddable":true,"href":"https:\/\/www.mladibl.com\/index.php?rest_route=%2Fwp%2Fv2%2Fcomments&post=45972"}],"version-history":[{"count":1,"href":"https:\/\/www.mladibl.com\/index.php?rest_route=\/wp\/v2\/posts\/45972\/revisions"}],"predecessor-version":[{"id":45973,"href":"https:\/\/www.mladibl.com\/index.php?rest_route=\/wp\/v2\/posts\/45972\/revisions\/45973"}],"wp:featuredmedia":[{"embeddable":true,"href":"https:\/\/www.mladibl.com\/index.php?rest_route=\/wp\/v2\/media\/45963"}],"wp:attachment":[{"href":"https:\/\/www.mladibl.com\/index.php?rest_route=%2Fwp%2Fv2%2Fmedia&parent=45972"}],"wp:term":[{"taxonomy":"category","embeddable":true,"href":"https:\/\/www.mladibl.com\/index.php?rest_route=%2Fwp%2Fv2%2Fcategories&post=45972"},{"taxonomy":"post_tag","embeddable":true,"href":"https:\/\/www.mladibl.com\/index.php?rest_route=%2Fwp%2Fv2%2Ftags&post=45972"}],"curies":[{"name":"wp","href":"https:\/\/api.w.org\/{rel}","templated":true}]}}