{"id":45888,"date":"2025-04-20T21:29:45","date_gmt":"2025-04-20T19:29:45","guid":{"rendered":"https:\/\/www.mladibl.com\/?p=45888"},"modified":"2025-04-20T21:29:50","modified_gmt":"2025-04-20T19:29:50","slug":"otvorene-prijave-za-ljetni-kamp-medijske-i-informacijske-pismenosti-i-interkulturalnog-dijaloga","status":"publish","type":"post","link":"https:\/\/www.mladibl.com\/?p=45888","title":{"rendered":"Otvorene prijave za Ljetni kamp medijske i informacijske pismenosti i interkulturalnog dijaloga"},"content":{"rendered":"\n<p><strong>Ima\u0161 ideju kako da obradi\u0161 odre\u0111enu temu iz oblasti medija, medijske pismenosti i interkulturalnog dijaloga? Uz to, ima\u0161 iskustva u kreiranju medijskih sadr\u017eaja i kampanja iz ove oblasti ili te zanima kako da to nau\u010di\u0161? Imamo pravu vijest za tebe!<\/strong><\/p>\n\n\n\n<p>U okviru projekta <em>Youth in Western Balkans \u2013 A Virtual Postcard<\/em> zajedno sa partnerima iz Bosne i Hercegovine, Sjeverne Makedonije i Crne Gore raspisujemo zajedni\u010dki poziv za <em>Ljetni kamp u Mojkovcu <\/em>(Crna Gora), a koji za cilj imaju proizvodnju multimedijalnih sadr\u017eaja. <strong>Ljetni kamp bit \u0107e odr\u017ean od 19. do 22. juna 2025. godine <\/strong>u <a href=\"http:\/\/www.imanjerakocevic.me\/\">Hotel &amp; Resort Gacka<\/a>, a tro\u0161kove prevoza i smje\u0161taja pokrivaju organizatori. &nbsp;Radni jezik ljetnog kampa je engleski.<\/p>\n\n\n\n<p><strong>\u0160ta se od tebe o\u010dekuje?<\/strong><\/p>\n\n\n\n<ul class=\"wp-block-list\">\n<li>Da ima\u0161 18-30 godina<\/li>\n\n\n\n<li>Da aktivno u\u010destvuje\u0161 na treningu u Mojkovcu<\/li>\n\n\n\n<li>Da potencijalno ima\u0161 ideju\/temu na kojoj bi \u017eelio\/la da radi\u0161 sa mentorom\/icom<\/li>\n\n\n\n<li>Da zna\u0161 ili da \u017eeli\u0161 da nau\u010di\u0161 kako da prepozna\u0161 stereotipe u medijima i na dru\u0161tvenim mre\u017eama, \u0161tetan govor u medijima, govor mr\u017enje i da zna\u0161\/nau\u010di\u0161 kako da se suprostavi\u0161 \u0161tetnim medijskim narativima<\/li>\n<\/ul>\n\n\n\n<p>Tokom tri aktivna dana treninga, imat \u0107e\u0161 prilike da radi\u0161 u grupi sa jo\u0161 dvoje mladih na proizvodnji multimedijalnog sadr\u017eaja (tekst, video, podkast, karusel objava za dru\u0161tvene mre\u017ee i sli\u010dno). Uz to, imat \u0107e\u0161 i pomo\u0107 sjajnih trenera i trenerica koje smo odabrali da budu ba\u0161 tvoji\/a mentori\/ce.<\/p>\n\n\n\n<p>U Mojkovcu \u0107e sa nama biti: kreatorica sadr\u017eaja na dru\u0161tvenim mre\u017eama <strong>Nina Pavi\u0107evi\u0107<\/strong> (Kriti\u010dki), novinar iz Sjeverne Makedonije <strong>Ognjen Janeski<\/strong> i novinar Nove BiH <strong>Tahir \u017dustra<\/strong>.<\/p>\n\n\n\n<p>Nakon trodnevnog Ljetnog kampa u Mojkovcu, plan je da zajedno, uz podr\u0161ku mentora\/ice i tvoje grupe, napravi\u0161 multimedijalni sadr\u017eaj u skladu sa dogovorom na Ljetnom kampu. Za to \u0107e\u0161 imati rok do mjesec dana nakon zavr\u0161enog treninga, na kome \u0107e\u0161 zajedno sa svojom grupom i mentorom\/icom razvijati ideju za multimedijalni sadr\u017eaj.<\/p>\n\n\n\n<p><strong>Proces prijava i selekcije<\/strong><\/p>\n\n\n\n<p>Kako bi se prijavio\/la, molimo te da popuni\u0161 Google formu, koja se nalazi <a href=\"https:\/\/forms.gle\/j79rcRhP43B1cdwF6\">ovdje<\/a>. Rok za popunjavanje iste je <strong>11. maj do 23.59<\/strong>. Obavje\u0161tenje o ishodu selekcije mo\u017eete o\u010dekivati do <strong>16. maja 2025. godine<\/strong>.<\/p>\n\n\n\n<p>Maksimalan broj osoba po grupi je <strong>troje<\/strong>, dok \u0107e ukupan broj grupa biti devet. Inicijalna ideja Ljetnog kampa jeste da zajedno sa svojim vr\u0161njacima\/kinjama pro\u0111e\u0161 kroz proces u\u010denja o medijskoj i informacijskoj pismenosti, interkulturalnom dijalogu i dekonstrukciji stereotipa i suprostavljanju \u0161tetnih nararativa u medijima. Kao produkt toga, imat \u0107e\u0161 mogu\u0107nost da se prijavi\u0161 za vrijedne nagrade. Koje?<\/p>\n\n\n\n<p><strong>Nastali radovi na Ljetnom kampu u Mojkovcu mo\u0107i \u0107e da u\u0111u u konkurenciju za vrijedne nov\u010dane nacionalne i regionalne nagrade za koje \u0107e poziv biti raspisan u septembru i oktobru ove godine.<\/strong><\/p>\n\n\n\n<p>Ukoliko te zanima kako je izgledao pobjedni\u010dki video nacionalne nagrade mo\u017ee\u0161 pogledati <a href=\"https:\/\/www.mladi.org.rs\/uloga-mladih-na-zapadnom-balkanu\/\">ovdje<\/a>. Pobjedni\u010dki video regionalne nagrade, koji je kreiran u okviru interkulturalne razmjene u\u017eivo, mo\u017ee\u0161 pogledati <a href=\"https:\/\/www.mladi.org.rs\/mediji-i-identitet-mladih-na-zapadnom-balkanu\/\">ovdje<\/a>.<\/p>\n\n\n\n<p>Za sva pitanja u vezi sa pozivom mo\u017eete pisati na mejl <a href=\"mailto:aleksandar@media-diversity.org\">aleksandar@media-diversity.org<\/a>.<\/p>\n\n\n\n<p>Preuzeto sa: <a href=\"https:\/\/onaubih.ba\/otvorene-prijave-za-ljetni-kamp-medijske-i-informacijske-pismenosti-i-interkulturalnog-dijaloga\/\" target=\"_blank\" rel=\"noreferrer noopener\">onaubih.ba<\/a><\/p>\n","protected":false},"excerpt":{"rendered":"<p>Ima\u0161 ideju kako da obradi\u0161 odre\u0111enu temu iz oblasti medija, medijske pismenosti i interkulturalnog dijaloga? Uz to, ima\u0161 iskustva u<\/p>\n","protected":false},"author":1,"featured_media":45864,"comment_status":"closed","ping_status":"open","sticky":false,"template":"","format":"standard","meta":{"om_disable_all_campaigns":false,"_monsterinsights_skip_tracking":false,"_monsterinsights_sitenote_active":false,"_monsterinsights_sitenote_note":"","_monsterinsights_sitenote_category":0,"footnotes":""},"categories":[4],"tags":[10061,10753,3427,1724,5643],"class_list":["post-45888","post","type-post","status-publish","format-standard","has-post-thumbnail","hentry","category-edukacija","tag-informacijska","tag-interkulturalni-dijalog","tag-ljetni-kamp","tag-medijska","tag-pismenost"],"jetpack_featured_media_url":"https:\/\/www.mladibl.com\/wp-content\/uploads\/2025\/04\/Otvorene-prijave-za-Ljetni-kamp-medijske-i-informacijske-pismenosti-i-interkulturalnog-dijaloga.jpg","amp_enabled":true,"_links":{"self":[{"href":"https:\/\/www.mladibl.com\/index.php?rest_route=\/wp\/v2\/posts\/45888","targetHints":{"allow":["GET"]}}],"collection":[{"href":"https:\/\/www.mladibl.com\/index.php?rest_route=\/wp\/v2\/posts"}],"about":[{"href":"https:\/\/www.mladibl.com\/index.php?rest_route=\/wp\/v2\/types\/post"}],"author":[{"embeddable":true,"href":"https:\/\/www.mladibl.com\/index.php?rest_route=\/wp\/v2\/users\/1"}],"replies":[{"embeddable":true,"href":"https:\/\/www.mladibl.com\/index.php?rest_route=%2Fwp%2Fv2%2Fcomments&post=45888"}],"version-history":[{"count":1,"href":"https:\/\/www.mladibl.com\/index.php?rest_route=\/wp\/v2\/posts\/45888\/revisions"}],"predecessor-version":[{"id":45889,"href":"https:\/\/www.mladibl.com\/index.php?rest_route=\/wp\/v2\/posts\/45888\/revisions\/45889"}],"wp:featuredmedia":[{"embeddable":true,"href":"https:\/\/www.mladibl.com\/index.php?rest_route=\/wp\/v2\/media\/45864"}],"wp:attachment":[{"href":"https:\/\/www.mladibl.com\/index.php?rest_route=%2Fwp%2Fv2%2Fmedia&parent=45888"}],"wp:term":[{"taxonomy":"category","embeddable":true,"href":"https:\/\/www.mladibl.com\/index.php?rest_route=%2Fwp%2Fv2%2Fcategories&post=45888"},{"taxonomy":"post_tag","embeddable":true,"href":"https:\/\/www.mladibl.com\/index.php?rest_route=%2Fwp%2Fv2%2Ftags&post=45888"}],"curies":[{"name":"wp","href":"https:\/\/api.w.org\/{rel}","templated":true}]}}