{"id":457,"date":"2019-11-29T19:00:56","date_gmt":"2019-11-29T17:00:56","guid":{"rendered":"http:\/\/www.mladibl.com\/?p=457"},"modified":"2019-12-11T01:20:44","modified_gmt":"2019-12-10T23:20:44","slug":"urucene-prve-stipendije-za-srednjoskolce","status":"publish","type":"post","link":"https:\/\/www.mladibl.com\/?p=457","title":{"rendered":"Uru\u010dene prve stipendije za srednjo\u0161kolce"},"content":{"rendered":"\n<p>Gradona\u010delnik Banje Luke Igor Radoji\u010di\u0107, uru\u010dio je danas prva rje\u0161enja o stipendiranju u\u010denika za \u0161kolsku 2019\/20. godinu, u okviru programa stipendiranja u\u010denika i studenata, vrijednog oko 1,5 milion KM.<\/p>\n\n\n\n<p>Radoji\u010di\u0107 je rekao da je pravo na stipendiju u teku\u0107oj \u0161kolskoj godini ostvarilo 1.186 banjalu\u010dkih srednjo\u0161kolaca, a da su stipendije dodijeljene po tri osnova \u2013 na osnovu uspjeha u \u0161koli, na osnovu socijalnog statusa i za deficitarna zanimanja.<\/p>\n\n\n\n<p>Mjese\u010dna stipendija za u\u010denike, koja se dodjeljuje na osnovu uspjeha u \u0161koli i socijalnog statusa iznosi 80 KM, a za deficitarna zanimanja 150 maraka. Stipendiranje je jedan vid priznanja za najbolje u\u010denike, a sa druge strane je i pomo\u0107 onima koji su eventualno u stanju socijalne potrebe \u2013 naveo je gradona\u010delnik.<\/p>\n\n\n\n<p>U\u010denik drugog razreda Gimnazije Rastko Zrni\u0107, zahvalio je Gradu na dodijeljenoj stipendiji i dodao da stipendija za sve u\u010denike predstavlja i jedan vid motivacije da nastave sa marljivim i predanim radom.<\/p>\n\n\n\n<figure class=\"wp-block-image\"><img loading=\"lazy\" decoding=\"async\" width=\"1024\" height=\"683\" src=\"http:\/\/www.mladibl.com\/wp-content\/uploads\/2019\/12\/Uru\u010dene-prve-stipendije-za-srednjo\u0161kolce-2-1024x683.jpg\" alt=\"\" class=\"wp-image-459\" srcset=\"https:\/\/www.mladibl.com\/wp-content\/uploads\/2019\/12\/Uru\u010dene-prve-stipendije-za-srednjo\u0161kolce-2-1024x683.jpg 1024w, https:\/\/www.mladibl.com\/wp-content\/uploads\/2019\/12\/Uru\u010dene-prve-stipendije-za-srednjo\u0161kolce-2-300x200.jpg 300w, https:\/\/www.mladibl.com\/wp-content\/uploads\/2019\/12\/Uru\u010dene-prve-stipendije-za-srednjo\u0161kolce-2-768x512.jpg 768w, https:\/\/www.mladibl.com\/wp-content\/uploads\/2019\/12\/Uru\u010dene-prve-stipendije-za-srednjo\u0161kolce-2.jpg 1200w\" sizes=\"auto, (max-width: 1024px) 100vw, 1024px\" \/><\/figure>\n\n\n\n<p>Preuzeto sa: <a href=\"http:\/\/www.banjaluka.rs.ba\/%d1%83%d1%80%d1%83%d1%87%d0%b5%d0%bd%d0%b5-%d0%bf%d1%80%d0%b2%d0%b5-%d1%81%d1%82%d0%b8%d0%bf%d0%b5%d0%bd%d0%b4%d0%b8%d1%98%d0%b5-%d0%b7%d0%b0-%d1%81%d1%80%d0%b5%d0%b4%d1%9a%d0%be%d1%88%d0%ba%d0%be\/\" target=\"_blank\" rel=\"noreferrer noopener\" aria-label=\"Grad Banja Luka (opens in a new tab)\">Grad Banja Luka<\/a><\/p>\n","protected":false},"excerpt":{"rendered":"<p>Gradona\u010delnik Banje Luke Igor Radoji\u010di\u0107, uru\u010dio je danas prva rje\u0161enja o stipendiranju u\u010denika za \u0161kolsku 2019\/20. godinu, u okviru programa<\/p>\n","protected":false},"author":1,"featured_media":458,"comment_status":"closed","ping_status":"open","sticky":false,"template":"","format":"standard","meta":{"om_disable_all_campaigns":false,"_monsterinsights_skip_tracking":false,"_monsterinsights_sitenote_active":false,"_monsterinsights_sitenote_note":"","_monsterinsights_sitenote_category":0,"footnotes":""},"categories":[5,2],"tags":[27,61,60],"class_list":["post-457","post","type-post","status-publish","format-standard","has-post-thumbnail","hentry","category-stipendije","category-vijesti","tag-grad-banja-luka","tag-srednjoskolci","tag-stipendije"],"jetpack_featured_media_url":"https:\/\/www.mladibl.com\/wp-content\/uploads\/2019\/12\/Uru\u010dene-prve-stipendije-za-srednjo\u0161kolce-1.jpg","amp_enabled":true,"_links":{"self":[{"href":"https:\/\/www.mladibl.com\/index.php?rest_route=\/wp\/v2\/posts\/457","targetHints":{"allow":["GET"]}}],"collection":[{"href":"https:\/\/www.mladibl.com\/index.php?rest_route=\/wp\/v2\/posts"}],"about":[{"href":"https:\/\/www.mladibl.com\/index.php?rest_route=\/wp\/v2\/types\/post"}],"author":[{"embeddable":true,"href":"https:\/\/www.mladibl.com\/index.php?rest_route=\/wp\/v2\/users\/1"}],"replies":[{"embeddable":true,"href":"https:\/\/www.mladibl.com\/index.php?rest_route=%2Fwp%2Fv2%2Fcomments&post=457"}],"version-history":[{"count":1,"href":"https:\/\/www.mladibl.com\/index.php?rest_route=\/wp\/v2\/posts\/457\/revisions"}],"predecessor-version":[{"id":460,"href":"https:\/\/www.mladibl.com\/index.php?rest_route=\/wp\/v2\/posts\/457\/revisions\/460"}],"wp:featuredmedia":[{"embeddable":true,"href":"https:\/\/www.mladibl.com\/index.php?rest_route=\/wp\/v2\/media\/458"}],"wp:attachment":[{"href":"https:\/\/www.mladibl.com\/index.php?rest_route=%2Fwp%2Fv2%2Fmedia&parent=457"}],"wp:term":[{"taxonomy":"category","embeddable":true,"href":"https:\/\/www.mladibl.com\/index.php?rest_route=%2Fwp%2Fv2%2Fcategories&post=457"},{"taxonomy":"post_tag","embeddable":true,"href":"https:\/\/www.mladibl.com\/index.php?rest_route=%2Fwp%2Fv2%2Ftags&post=457"}],"curies":[{"name":"wp","href":"https:\/\/api.w.org\/{rel}","templated":true}]}}