{"id":4562,"date":"2020-12-03T10:51:10","date_gmt":"2020-12-03T08:51:10","guid":{"rendered":"http:\/\/www.mladibl.com\/?p=4562"},"modified":"2020-12-03T10:51:12","modified_gmt":"2020-12-03T08:51:12","slug":"merriam-webster-pandemija-rijec-godine","status":"publish","type":"post","link":"https:\/\/www.mladibl.com\/?p=4562","title":{"rendered":"Merriam-Webster: Pandemija rije\u010d godine"},"content":{"rendered":"\n<p>Pandemija je bila o\u010digledan izbor za rije\u010d godine ameri\u010dkog izdava\u010da rje\u010dnika engleskog jezika Merriam-Webster, javlja Rreuters, prenosi Tanjug.<\/p>\n\n\n\n<p>U godini u kojoj je vi\u0161e od 1,4 miliona ljudi u svijetu umrlo od COVID-a 19, pandemija je bila naj\u010de\u0161\u0107e tra\u017eena rije\u010d u rje\u010dnicima.<\/p>\n\n\n\n<p>\u201cPonekad jedna jedina rije\u010d defini\u0161e doba, i zato je normalno da u ovoj izuzetnoj \u2013 i izuzetno te\u0161koj \u2013 godini, jedna rije\u010d izbije u prvi plan\u201d, saop\u0161tio je Merriam-Webster.<\/p>\n\n\n\n<p>Pandemija se defini\u0161e kao \u201cizbijanje bolesti na \u0161irokom geografskom podru\u010dju (vi\u0161e zemalja ili kontinenata) koja poga\u0111a znatan dio populacije\u201d, navodi se na stranici Merriam-Webster.com.<\/p>\n\n\n\n<p>Korijen rije\u010di je gr\u010dki \u2013 od \u201cpan\u201d, koji zna\u010di svi ili sav, i \u201cdemos\u201d, \u0161to zna\u010di narod, podsje\u0107a izdava\u010d<\/p>\n\n\n\n<p>Potraga za zna\u010denjem te rije\u010di izuzetno je sko\u010dila poslije 11. marta ove godine, kada je Svjetska zdravstvena organizacija ozna\u010dila COVID-19 kao pandemiju. Skok je bio \u010dak 115.806 posto u odnosu na isti dan 2019.<\/p>\n\n\n\n<p>Pro\u0161le godine za rije\u010d godine progla\u0161ena je \u201coni\u201d, kojom su ozna\u010davani oni koji se nie izja\u0161njavaju ni kao mu\u0161karci, ni kao \u017eene, 2018. rije\u010d godine je bila \u201cpravda\u201d, 2017. \u201cfeminizam\u201d, \u201cnadrealno\u201d 2016.<\/p>\n","protected":false},"excerpt":{"rendered":"<p>Pandemija je bila o\u010digledan izbor za rije\u010d godine ameri\u010dkog izdava\u010da rje\u010dnika engleskog jezika Merriam-Webster, javlja Rreuters, prenosi Tanjug. U godini<\/p>\n","protected":false},"author":1,"featured_media":4563,"comment_status":"closed","ping_status":"open","sticky":false,"template":"","format":"standard","meta":{"om_disable_all_campaigns":false,"_monsterinsights_skip_tracking":false,"_monsterinsights_sitenote_active":false,"_monsterinsights_sitenote_note":"","_monsterinsights_sitenote_category":0,"footnotes":""},"categories":[370],"tags":[2295,469,2294],"class_list":["post-4562","post","type-post","status-publish","format-standard","has-post-thumbnail","hentry","category-ostalo","tag-merriam-webster","tag-pandemija","tag-rijec-godine"],"jetpack_featured_media_url":"https:\/\/www.mladibl.com\/wp-content\/uploads\/2020\/12\/Merriam-Webster_-Pandemija-rije\u010d-godine.jpg","amp_enabled":true,"_links":{"self":[{"href":"https:\/\/www.mladibl.com\/index.php?rest_route=\/wp\/v2\/posts\/4562","targetHints":{"allow":["GET"]}}],"collection":[{"href":"https:\/\/www.mladibl.com\/index.php?rest_route=\/wp\/v2\/posts"}],"about":[{"href":"https:\/\/www.mladibl.com\/index.php?rest_route=\/wp\/v2\/types\/post"}],"author":[{"embeddable":true,"href":"https:\/\/www.mladibl.com\/index.php?rest_route=\/wp\/v2\/users\/1"}],"replies":[{"embeddable":true,"href":"https:\/\/www.mladibl.com\/index.php?rest_route=%2Fwp%2Fv2%2Fcomments&post=4562"}],"version-history":[{"count":1,"href":"https:\/\/www.mladibl.com\/index.php?rest_route=\/wp\/v2\/posts\/4562\/revisions"}],"predecessor-version":[{"id":4564,"href":"https:\/\/www.mladibl.com\/index.php?rest_route=\/wp\/v2\/posts\/4562\/revisions\/4564"}],"wp:featuredmedia":[{"embeddable":true,"href":"https:\/\/www.mladibl.com\/index.php?rest_route=\/wp\/v2\/media\/4563"}],"wp:attachment":[{"href":"https:\/\/www.mladibl.com\/index.php?rest_route=%2Fwp%2Fv2%2Fmedia&parent=4562"}],"wp:term":[{"taxonomy":"category","embeddable":true,"href":"https:\/\/www.mladibl.com\/index.php?rest_route=%2Fwp%2Fv2%2Fcategories&post=4562"},{"taxonomy":"post_tag","embeddable":true,"href":"https:\/\/www.mladibl.com\/index.php?rest_route=%2Fwp%2Fv2%2Ftags&post=4562"}],"curies":[{"name":"wp","href":"https:\/\/api.w.org\/{rel}","templated":true}]}}