{"id":45574,"date":"2025-04-08T00:14:18","date_gmt":"2025-04-07T22:14:18","guid":{"rendered":"https:\/\/www.mladibl.com\/?p=45574"},"modified":"2025-04-08T00:14:24","modified_gmt":"2025-04-07T22:14:24","slug":"poceli-dani-studenata-univerziteta-u-banjoj-luci","status":"publish","type":"post","link":"https:\/\/www.mladibl.com\/?p=45574","title":{"rendered":"Po\u010deli Dani studenata Univerziteta u Banjoj Luci"},"content":{"rendered":"\n<p><strong>Sve\u010danim otvaranjem u Studentskom kulturnom centru, 7. aprila 2025. godine, zapo\u010deli su ovogodi\u0161nji Dani studenata Univerziteta u Banjoj Luci, najve\u0107a studentska manifestacija u Republici Srpskoj.<\/strong><\/p>\n\n\n\n<p>Rektor Univerziteta u Banjoj Luci prof. dr Radoslav Gajanin, istakao je da \u0107e tokom trajanja manifestacije biti realizovane brojne nau\u010dne, stru\u010dne, edukativne i promotivne aktivnosti.<\/p>\n\n\n\n<p>,,Na\u0161i studenti na ovaj na\u010din promovi\u0161u Studentski parlament, ali i sve fakultete i studijske programe Univerziteta. Klju\u010dna manifestacija su Dani otvorenih vrata, gdje o\u010dekujemo maturante iz svih srednjih \u0161kola koji imaju namjeru da nastave svoje obrazovanje\u2019\u2019, poru\u010dio je Gajanin.<\/p>\n\n\n\n<p>Ministar za nau\u010dnotehnolo\u0161ki razvoj i visoko obrazovanje Republike Srpske doc. dr \u017deljko Budimir, naglasio je da ova manifestacija predstavlja jednu od najboljih studentskih aktivnosti u Srpskoj.<\/p>\n\n\n\n<p>,,Ovo je i jedna od najva\u017enijih aktivnosti banjalu\u010dkog Studentskog parlamenta, jer promovi\u0161e Univerzitet budu\u0107im bruco\u0161ima. Studenti su najbolji ambasadori Univerziteta i svih njegovih fakulteta\u2019\u2019, kazao je Budimir, dodaju\u0107i da \u0107e Dani studenata obuhvatiti niz aktivnosti, uklju\u010duju\u0107i i Dane otvorenih vrata.<\/p>\n\n\n\n<p>Predsjednica Studentskog parlamenta UNIBL Ana Sibin\u010di\u0107, izrazila je zadovoljstvo \u0161to \u0107e kroz deset dana manifestacije imati priliku da predstave studentski \u017eivot u Banjoj Luci kroz sport, dru\u017eenje, zabavu i edukaciju.<\/p>\n\n\n\n<p>Potpredsjednik Unije studenata Republike Srpske, Nikola \u0160obot, istakao je da je cilj manifestacije da se predstavi sve ono \u0161to studentski \u017eivot u Banjoj Luci i Republici Srpskoj nudi mladim ljudima.<\/p>\n\n\n\n<p>Doga\u0111aju su prisustvovali i prorektori Univerziteta prof. dr Dalibor Kesi\u0107 i prof. dr Aleksandar Ostoji\u0107, te&nbsp;predsjednica Upravnog odbora Univerziteta prof. dr Biljana Antunovi\u0107.<\/p>\n\n\n\n<p>Organizatori manifestacije su Studentski parlament Univerziteta u Banjoj Luci i Unija studenata Republike Srpske, uz podr\u0161ku Univerziteta i nadle\u017enog ministarstva.<\/p>\n\n\n\n<p>Preuzeto sa: <a href=\"https:\/\/unibl.org\/sr-lat\/vesti\/2025\/04\/poceli-dani-studenata-univerziteta-u-banjoj-luci\" target=\"_blank\" rel=\"noreferrer noopener\">Univerzitet u Banjoj Luci<\/a><\/p>\n","protected":false},"excerpt":{"rendered":"<p>Sve\u010danim otvaranjem u Studentskom kulturnom centru, 7. aprila 2025. godine, zapo\u010deli su ovogodi\u0161nji Dani studenata Univerziteta u Banjoj Luci, najve\u0107a<\/p>\n","protected":false},"author":1,"featured_media":45584,"comment_status":"closed","ping_status":"open","sticky":false,"template":"","format":"standard","meta":{"om_disable_all_campaigns":false,"_monsterinsights_skip_tracking":false,"_monsterinsights_sitenote_active":false,"_monsterinsights_sitenote_note":"","_monsterinsights_sitenote_category":0,"footnotes":""},"categories":[13,2],"tags":[6294,74],"class_list":["post-45574","post","type-post","status-publish","format-standard","has-post-thumbnail","hentry","category-studenti","category-vijesti","tag-dani-studenata","tag-univerzitet-u-banjoj-luci"],"jetpack_featured_media_url":"https:\/\/www.mladibl.com\/wp-content\/uploads\/2025\/04\/Poceli-Dani-studenata-Univerziteta-u-Banjoj-Luci.jpg","amp_enabled":true,"_links":{"self":[{"href":"https:\/\/www.mladibl.com\/index.php?rest_route=\/wp\/v2\/posts\/45574","targetHints":{"allow":["GET"]}}],"collection":[{"href":"https:\/\/www.mladibl.com\/index.php?rest_route=\/wp\/v2\/posts"}],"about":[{"href":"https:\/\/www.mladibl.com\/index.php?rest_route=\/wp\/v2\/types\/post"}],"author":[{"embeddable":true,"href":"https:\/\/www.mladibl.com\/index.php?rest_route=\/wp\/v2\/users\/1"}],"replies":[{"embeddable":true,"href":"https:\/\/www.mladibl.com\/index.php?rest_route=%2Fwp%2Fv2%2Fcomments&post=45574"}],"version-history":[{"count":1,"href":"https:\/\/www.mladibl.com\/index.php?rest_route=\/wp\/v2\/posts\/45574\/revisions"}],"predecessor-version":[{"id":45585,"href":"https:\/\/www.mladibl.com\/index.php?rest_route=\/wp\/v2\/posts\/45574\/revisions\/45585"}],"wp:featuredmedia":[{"embeddable":true,"href":"https:\/\/www.mladibl.com\/index.php?rest_route=\/wp\/v2\/media\/45584"}],"wp:attachment":[{"href":"https:\/\/www.mladibl.com\/index.php?rest_route=%2Fwp%2Fv2%2Fmedia&parent=45574"}],"wp:term":[{"taxonomy":"category","embeddable":true,"href":"https:\/\/www.mladibl.com\/index.php?rest_route=%2Fwp%2Fv2%2Fcategories&post=45574"},{"taxonomy":"post_tag","embeddable":true,"href":"https:\/\/www.mladibl.com\/index.php?rest_route=%2Fwp%2Fv2%2Ftags&post=45574"}],"curies":[{"name":"wp","href":"https:\/\/api.w.org\/{rel}","templated":true}]}}