{"id":4546,"date":"2020-12-02T11:33:00","date_gmt":"2020-12-02T09:33:00","guid":{"rendered":"http:\/\/www.mladibl.com\/?p=4546"},"modified":"2020-12-02T11:37:43","modified_gmt":"2020-12-02T09:37:43","slug":"uspostavljeno-savjetodavno-tijelo-savjeta-ministara-bih-za-saradnju-s-nevladinim-organizacijama","status":"publish","type":"post","link":"https:\/\/www.mladibl.com\/?p=4546","title":{"rendered":"Uspostavljeno Savjetodavno tijelo Savjeta ministara BiH za saradnju s nevladinim organizacijama"},"content":{"rendered":"\n<p>Ju\u010de je u Sarajevu odr\u017eana konstitutivna sjednica Savjetodavnog tijela, kojom je 1. decembar 2020. postao veoma va\u017ean datum u razvoju institucionalne saradnje izme\u0111u vlasti i nevladinih organizacija u BiH.<\/p>\n\n\n\n<p>Izabrani \u010dlanovi Savetodavnog tela su: Emsad Dizdarevic\u0301, Nada Golubovic\u0301, Muamer Hod\u017eic\u0301, Lahira Sejfija, Aida Daguda, Ilija Trninic\u0301 i Tomislav Majic\u0301. Aida Daguda izabrana je za predsjedavaju\u0107u ovog tijela, a Ilija Trnini\u0107 iz Banja Luke za zamjenika predsjedavaju\u0107e.<\/p>\n\n\n\n<p>Savjetodavno tijelo zadu\u017eeno je za unapre\u0111enje saradnje izme\u0111u Savjeta ministara BiH i NVO-a, s ciljem stvaranja podsticajnog pravnog, institucionalnog i finansijskog okru\u017eenja za NVO sektor. <\/p>\n\n\n\n<p>Savjetodavno tijelo Savjeta ministara BiH za saradnju s nevladinim organizacijama ima sedam \u010dlanova izabranih iz reda predstavnika nevladinih organizacija, akademske zajednice, medija i pojedinaca s iskustvom u kreiranju, pra\u0107enju i provedbi javnih politika od zna\u010daja za stvaranje podsticajnog pravnog, institucionalnog i finansijskog okru\u017eenja za nevladine organizacije u BiH.<\/p>\n\n\n\n<p>Podsje\u0107amo da je na odr\u017eanoj 19. sjednici Savjeta ministara BiH, na prijedlog Ministarstva pravde BiH, donesena je Odluka o imenovanju \u010dlanova Savjetodavnog tijela Savjeta ministara BiH za saradnju s nevladinim organizacijama, a s ciljem provedbe Sporazuma o saradnji izme\u0111u Savjeta ministara BiH i nevladinih organizacija u BiH.<\/p>\n","protected":false},"excerpt":{"rendered":"<p>Ju\u010de je u Sarajevu odr\u017eana konstitutivna sjednica Savjetodavnog tijela, kojom je 1. decembar 2020. postao veoma va\u017ean datum u razvoju<\/p>\n","protected":false},"author":1,"featured_media":4547,"comment_status":"closed","ping_status":"open","sticky":false,"template":"","format":"standard","meta":{"om_disable_all_campaigns":false,"_monsterinsights_skip_tracking":false,"_monsterinsights_sitenote_active":false,"_monsterinsights_sitenote_note":"","_monsterinsights_sitenote_category":0,"footnotes":""},"categories":[10],"tags":[1564,1488,1792,1794],"class_list":["post-4546","post","type-post","status-publish","format-standard","has-post-thumbnail","hentry","category-institucije","tag-nevladine-organizacije","tag-saradnja","tag-savjet-ministara","tag-savjetodavno-tijelo"],"jetpack_featured_media_url":"https:\/\/www.mladibl.com\/wp-content\/uploads\/2020\/12\/Savjetodavno-tijelo-Savjeta-ministara-BiH-za-saradnju-s-nevladinim-organizacijama.jpg","amp_enabled":true,"_links":{"self":[{"href":"https:\/\/www.mladibl.com\/index.php?rest_route=\/wp\/v2\/posts\/4546","targetHints":{"allow":["GET"]}}],"collection":[{"href":"https:\/\/www.mladibl.com\/index.php?rest_route=\/wp\/v2\/posts"}],"about":[{"href":"https:\/\/www.mladibl.com\/index.php?rest_route=\/wp\/v2\/types\/post"}],"author":[{"embeddable":true,"href":"https:\/\/www.mladibl.com\/index.php?rest_route=\/wp\/v2\/users\/1"}],"replies":[{"embeddable":true,"href":"https:\/\/www.mladibl.com\/index.php?rest_route=%2Fwp%2Fv2%2Fcomments&post=4546"}],"version-history":[{"count":2,"href":"https:\/\/www.mladibl.com\/index.php?rest_route=\/wp\/v2\/posts\/4546\/revisions"}],"predecessor-version":[{"id":4549,"href":"https:\/\/www.mladibl.com\/index.php?rest_route=\/wp\/v2\/posts\/4546\/revisions\/4549"}],"wp:featuredmedia":[{"embeddable":true,"href":"https:\/\/www.mladibl.com\/index.php?rest_route=\/wp\/v2\/media\/4547"}],"wp:attachment":[{"href":"https:\/\/www.mladibl.com\/index.php?rest_route=%2Fwp%2Fv2%2Fmedia&parent=4546"}],"wp:term":[{"taxonomy":"category","embeddable":true,"href":"https:\/\/www.mladibl.com\/index.php?rest_route=%2Fwp%2Fv2%2Fcategories&post=4546"},{"taxonomy":"post_tag","embeddable":true,"href":"https:\/\/www.mladibl.com\/index.php?rest_route=%2Fwp%2Fv2%2Ftags&post=4546"}],"curies":[{"name":"wp","href":"https:\/\/api.w.org\/{rel}","templated":true}]}}