{"id":4543,"date":"2020-12-02T11:23:55","date_gmt":"2020-12-02T09:23:55","guid":{"rendered":"http:\/\/www.mladibl.com\/?p=4543"},"modified":"2020-12-02T11:23:58","modified_gmt":"2020-12-02T09:23:58","slug":"otvoren-konkurs-za-program-fondacija-naseg-kraja","status":"publish","type":"post","link":"https:\/\/www.mladibl.com\/?p=4543","title":{"rendered":"Otvoren konkurs za program \u201cFondacija na\u0161eg kraja\u201d"},"content":{"rendered":"\n<p>Trag fondacija, uz podr\u0161ku fondacije C.S. Mott i Porticus fondacije, pokre\u0107e program \u201cFondacija na\u0161eg kraja \u2013 zajednica se pita!\u201d sa ciljem da podstakne osnivanje lokalnih fondacija u Bosni i Hercegovini.<\/p>\n\n\n\n<p>Konkurs \u201cFondacija na\u0161eg kraja\u201d osmi\u0161ljen je kao inkubator za lokalne fondacije, koji \u0107e vam pru\u017eiti informacije, mentorstvo, poznanstva, a nakon samostalno prikupljenog prvog fonda, i dodatna finansijska sredstva potrebna za osnivanje i dugoro\u010dnu podr\u0161ku inicijativama va\u0161eg kraja.<\/p>\n\n\n\n<p>\u0160ta je potrebno da uradite?<\/p>\n\n\n\n<p>Da okupite neformalnu grupu od bar troje ljudi koji \u017eive u istom kraju i koji su spremni da zajedno rade na uspostavljanju fondacije i prijavite se do 29. januara 2021. godine popunjavanjem <strong><a href=\"https:\/\/forms.gle\/Y8uqPmKUupHePG789\" target=\"_blank\" rel=\"noreferrer noopener\" aria-label=\"formulara (opens in a new tab)\">formulara<\/a><\/strong>.<\/p>\n\n\n\n<p>\u0160ta je lokalna fondacija?<\/p>\n\n\n\n<p>Lokalna fondacija je na\u010din da spojite ljude koji imaju ideje sa onima koji imaju sredstva da ih sprovedu u djelo, i to ba\u0161 tu \u2013 u svom okru\u017eenju! Osnovati fondaciju nije lako, ali jeste daleko lak\u0161e kada imate podr\u0161ku.<\/p>\n\n\n\n<p>Lokalna fondacija:<\/p>\n\n\n\n<ul class=\"wp-block-list\"><li>Djeluje lokalno i nezavisno,<\/li><li>Obuhvata grad, op\u0161tinu ili kanton,<\/li><li>Prikuplja sredstva u zajednici i podr\u017eava razli\u010dite inicijative iz zajednice,<\/li><li>Predstavlja mjesto susreta, povezuje ljude, motivi\u0161e na akciju, promovi\u0161e solidarnost.<\/li><\/ul>\n\n\n\n<p>Kako da osnuje\u0161 fondaciju u svom kraju?<\/p>\n\n\n\n<p>Baci pogled na svoju zajednicu i prvo \u0161to \u0107e\u0161 primjetiti je da ima prostora za pobolj\u0161anje. Zadr\u017ei pogled jo\u0161 malo i vidje\u0107e\u0161 da postoje i resursi da se tvoje okru\u017eenje u\u010dini boljim. Ti resursi mogu biti novac, roba, prostor, znanje, kontakti ili slobodno vrijeme koje \u0107e kompanije i pojedinci donirati.<\/p>\n\n\n\n<p>Pojedinci mogu mnogo, udru\u017eeni mogu mnogo vi\u0161e! Zato Trag fondacija traga za neformalnim grupama od najmanje troje ljudi koji \u017eive u istoj zajednici i spremni su da zajedno rade na lokalnoj fondaciji. Tuzlanski kanton ve\u0107 ima fondacije \u2013 sada tra\u017eimo entuzijaste iz drugih dijelova Bosne i Hercegovine!<\/p>\n\n\n\n<p>Ako ste vidjeli \u0161ansu za pobolj\u0161anje i udru\u017eivanje kako biste dugoro\u010dno doprinijeli zajednici u kojoj \u017eivite, prijavite se na konkurs, tako \u0161to \u0107ete <strong><a href=\"https:\/\/forms.gle\/Y8uqPmKUupHePG789\" target=\"_blank\" rel=\"noreferrer noopener\" aria-label=\"popuniti formular (opens in a new tab)\">popuniti formular<\/a><\/strong> do petka 29. januara 2021. godine do 17 sati.<\/p>\n\n\n\n<p>Informacije o konkursu<\/p>\n\n\n\n<p>Sva dodatna pitanja o procesu prijave i daljem toku programa mo\u017eete uputiti Mariji Mitrovi\u0107, direktorici za filantropiju i partnerstva (marijam@tragfondacija.org) i Vjekoslavu Vukovi\u0107u (vjekoslav@tragfondacija.org), koordinatoru za filantropiju na e-mail:  lokalnefondacije@tragfondacija.org ili na brojeve telefona putem poziva ili preko aplikacija Viber ili WhatsApp: +381692024066 (Marija) i +381692224072 (Vjekoslav) ili provjerite na web stranici lokalnefondacije.ba<\/p>\n\n\n\n<p>Preuzeto sa: <a href=\"https:\/\/www.lokalnefondacije.ba\/vesti\/otvoren-konkurs-fondacija-naseg-kraja\/\" target=\"_blank\" rel=\"noreferrer noopener\" aria-label=\"lokalnefondacije.ba (opens in a new tab)\">lokalnefondacije.ba<\/a><\/p>\n","protected":false},"excerpt":{"rendered":"<p>Trag fondacija, uz podr\u0161ku fondacije C.S. Mott i Porticus fondacije, pokre\u0107e program \u201cFondacija na\u0161eg kraja \u2013 zajednica se pita!\u201d sa<\/p>\n","protected":false},"author":1,"featured_media":4544,"comment_status":"closed","ping_status":"open","sticky":false,"template":"","format":"standard","meta":{"om_disable_all_campaigns":false,"_monsterinsights_skip_tracking":false,"_monsterinsights_sitenote_active":false,"_monsterinsights_sitenote_note":"","_monsterinsights_sitenote_category":0,"footnotes":""},"categories":[1461],"tags":[2281,306,2282,1102,2283],"class_list":["post-4543","post","type-post","status-publish","format-standard","has-post-thumbnail","hentry","category-konkursi","tag-fondacija-naseg-kraja","tag-konkurs","tag-lokalna-fondacija","tag-program","tag-trag-fondacija"],"jetpack_featured_media_url":"https:\/\/www.mladibl.com\/wp-content\/uploads\/2020\/12\/Otvoren-konkurs-za-program-\u201cFondacija-na\u0161eg-kraja\u201d.jpg","amp_enabled":true,"_links":{"self":[{"href":"https:\/\/www.mladibl.com\/index.php?rest_route=\/wp\/v2\/posts\/4543","targetHints":{"allow":["GET"]}}],"collection":[{"href":"https:\/\/www.mladibl.com\/index.php?rest_route=\/wp\/v2\/posts"}],"about":[{"href":"https:\/\/www.mladibl.com\/index.php?rest_route=\/wp\/v2\/types\/post"}],"author":[{"embeddable":true,"href":"https:\/\/www.mladibl.com\/index.php?rest_route=\/wp\/v2\/users\/1"}],"replies":[{"embeddable":true,"href":"https:\/\/www.mladibl.com\/index.php?rest_route=%2Fwp%2Fv2%2Fcomments&post=4543"}],"version-history":[{"count":1,"href":"https:\/\/www.mladibl.com\/index.php?rest_route=\/wp\/v2\/posts\/4543\/revisions"}],"predecessor-version":[{"id":4545,"href":"https:\/\/www.mladibl.com\/index.php?rest_route=\/wp\/v2\/posts\/4543\/revisions\/4545"}],"wp:featuredmedia":[{"embeddable":true,"href":"https:\/\/www.mladibl.com\/index.php?rest_route=\/wp\/v2\/media\/4544"}],"wp:attachment":[{"href":"https:\/\/www.mladibl.com\/index.php?rest_route=%2Fwp%2Fv2%2Fmedia&parent=4543"}],"wp:term":[{"taxonomy":"category","embeddable":true,"href":"https:\/\/www.mladibl.com\/index.php?rest_route=%2Fwp%2Fv2%2Fcategories&post=4543"},{"taxonomy":"post_tag","embeddable":true,"href":"https:\/\/www.mladibl.com\/index.php?rest_route=%2Fwp%2Fv2%2Ftags&post=4543"}],"curies":[{"name":"wp","href":"https:\/\/api.w.org\/{rel}","templated":true}]}}