{"id":45424,"date":"2025-03-31T22:55:51","date_gmt":"2025-03-31T20:55:51","guid":{"rendered":"https:\/\/www.mladibl.com\/?p=45424"},"modified":"2025-03-31T22:55:57","modified_gmt":"2025-03-31T20:55:57","slug":"za-buduce-srednjoskolce-sajam-zanimanja-2-i-3-aprila-u-domu-omladine","status":"publish","type":"post","link":"https:\/\/www.mladibl.com\/?p=45424","title":{"rendered":"Za budu\u0107e srednjo\u0161kolce: Sajam zanimanja 2. i 3. aprila u Domu omladine"},"content":{"rendered":"\n<p>\u201eSajam zanimanja 2025\u201c u organizaciji Gradske razvojne agencije, Ministarstva prosvjete i kulture Vlade Republike Srpske i Unije poslodavaca Republike Srpske, bi\u0107e odr\u017ean u Domu omladine 2. i 3. aprila 2025. godine, u periodu od 11.00 do 16.00 \u010dasova.<\/p>\n\n\n\n<p>Sve\u010dano otvaranje Sajma je predvi\u0111eno za 2. aprila 2025. godine u 11.30 \u010dasova, a na Sajmu&nbsp;\u0107e se predstaviti banjalu\u010dke srednje \u0161kole sa ciljem pomo\u0107i pri profesionalnoj orijentaciji, koja \u0107e omogu\u0107iti u\u010denicima devetih razreda osnovnih \u0161kola da prepoznaju svoje potencijale i sklonosti pri izboru budu\u0107eg zanimanja i daljeg obrazovanja, te njihovo upoznavanje sa strukama i zanimanjima koja se izu\u010davaju u banjalu\u010dkim srednjim \u0161kolama.<\/p>\n\n\n\n<p>Prvog dana Sajma bi\u0107e odr\u017ean i sat za roditelje, tokom kojeg \u0107e roditelji budu\u0107ih srednjo\u0161kolaca imati priliku da razgovaraju o upisu i drugim temama sa predstavnicima srednjih \u0161kola.<\/p>\n\n\n\n<p>Drugog dana je planirano odr\u017eavanje okruglog stola, gdje \u0107e predstavnici Aktiva srednjih \u0161kola, Agencije i srednjih \u0161kola razgovarati o preduzetni\u010dkim temama mladih.<\/p>\n\n\n\n<p>Preuzeto sa: <a href=\"https:\/\/www.banjaluka.rs.ba\/za-buduce-srednjoskolce-sajam-zanimanja-u-domu-omladine\/\" target=\"_blank\" rel=\"noreferrer noopener\">Grad Banja Luka<\/a><\/p>\n","protected":false},"excerpt":{"rendered":"<p>\u201eSajam zanimanja 2025\u201c u organizaciji Gradske razvojne agencije, Ministarstva prosvjete i kulture Vlade Republike Srpske i Unije poslodavaca Republike Srpske,<\/p>\n","protected":false},"author":1,"featured_media":45421,"comment_status":"closed","ping_status":"open","sticky":false,"template":"","format":"standard","meta":{"om_disable_all_campaigns":false,"_monsterinsights_skip_tracking":false,"_monsterinsights_sitenote_active":false,"_monsterinsights_sitenote_note":"","_monsterinsights_sitenote_category":0,"footnotes":""},"categories":[2],"tags":[21,8491,61],"class_list":["post-45424","post","type-post","status-publish","format-standard","has-post-thumbnail","hentry","category-vijesti","tag-dom-omladine","tag-sajam-zanimanja","tag-srednjoskolci"],"jetpack_featured_media_url":"https:\/\/www.mladibl.com\/wp-content\/uploads\/2025\/03\/Za-buduce-srednjoskolce_-Sajam-zanimanja-2.-i-3.-aprila-u-Domu-omladine.jpg","amp_enabled":true,"_links":{"self":[{"href":"https:\/\/www.mladibl.com\/index.php?rest_route=\/wp\/v2\/posts\/45424","targetHints":{"allow":["GET"]}}],"collection":[{"href":"https:\/\/www.mladibl.com\/index.php?rest_route=\/wp\/v2\/posts"}],"about":[{"href":"https:\/\/www.mladibl.com\/index.php?rest_route=\/wp\/v2\/types\/post"}],"author":[{"embeddable":true,"href":"https:\/\/www.mladibl.com\/index.php?rest_route=\/wp\/v2\/users\/1"}],"replies":[{"embeddable":true,"href":"https:\/\/www.mladibl.com\/index.php?rest_route=%2Fwp%2Fv2%2Fcomments&post=45424"}],"version-history":[{"count":1,"href":"https:\/\/www.mladibl.com\/index.php?rest_route=\/wp\/v2\/posts\/45424\/revisions"}],"predecessor-version":[{"id":45425,"href":"https:\/\/www.mladibl.com\/index.php?rest_route=\/wp\/v2\/posts\/45424\/revisions\/45425"}],"wp:featuredmedia":[{"embeddable":true,"href":"https:\/\/www.mladibl.com\/index.php?rest_route=\/wp\/v2\/media\/45421"}],"wp:attachment":[{"href":"https:\/\/www.mladibl.com\/index.php?rest_route=%2Fwp%2Fv2%2Fmedia&parent=45424"}],"wp:term":[{"taxonomy":"category","embeddable":true,"href":"https:\/\/www.mladibl.com\/index.php?rest_route=%2Fwp%2Fv2%2Fcategories&post=45424"},{"taxonomy":"post_tag","embeddable":true,"href":"https:\/\/www.mladibl.com\/index.php?rest_route=%2Fwp%2Fv2%2Ftags&post=45424"}],"curies":[{"name":"wp","href":"https:\/\/api.w.org\/{rel}","templated":true}]}}