{"id":45412,"date":"2025-03-31T22:53:34","date_gmt":"2025-03-31T20:53:34","guid":{"rendered":"https:\/\/www.mladibl.com\/?p=45412"},"modified":"2025-03-31T22:53:40","modified_gmt":"2025-03-31T20:53:40","slug":"pocinje-jos-jedan-juhu-fest-u-gp-jazavac","status":"publish","type":"post","link":"https:\/\/www.mladibl.com\/?p=45412","title":{"rendered":"Po\u010dinje jo\u0161 jedan \u201eJuhu fest\u201c u GP \u201eJazavac\u201c"},"content":{"rendered":"\n<p>Gradsko pozori\u0161te Jazavac i ove godine misli na svoju najmla\u0111u publiku za koju su spremili jo\u0161 jedan festival za djecu \u201eJuhu fest\u201c koji \u0107e trajati u periodu od 1. do 7. aprila.<\/p>\n\n\n\n<p>-U sklopu ovog festivala imamo bogat i raznolik program. Pored na\u0161ih i predstava gostuju\u0107ih pozori\u0161ta festival \u0107emo i ove godine otvoriti Koncertom za bebe. One ne\u0161to malo starije \u010dekaju ve\u010deri u kojima \u010ditamo bajke, a tu je i JUHU KVIZ u kojem timove \u010dine djeca i roditelji \u2013 navedeno je u saop\u0161tenju GP \u201eJazavca\u201c.<\/p>\n\n\n\n<p>Navode i to kako je potrebno da svi zainteresovani rezervi\u0161u svoje ulaznice na vrijeme putem sandu\u010deta Fejsbuk stranice ili putem kontakt telefona 063\/699-699 ili 051\/462-887 i to radnim danima i subotom od 16.00 do 20.00 \u010dasova.<\/p>\n\n\n\n<p>Kompletan program ovogodi\u0161njeg festivala mo\u017eete pogledati OVDJE.<\/p>\n\n\n\n<p>Preuzeto sa: <a href=\"https:\/\/www.banjaluka.rs.ba\/pocinje-jos-jedan-juhu-fest-u-gp-jazavac\/\" target=\"_blank\" rel=\"noreferrer noopener\">Grad Banja Luka<\/a><\/p>\n","protected":false},"excerpt":{"rendered":"<p>Gradsko pozori\u0161te Jazavac i ove godine misli na svoju najmla\u0111u publiku za koju su spremili jo\u0161 jedan festival za djecu<\/p>\n","protected":false},"author":1,"featured_media":45422,"comment_status":"closed","ping_status":"open","sticky":false,"template":"","format":"standard","meta":{"om_disable_all_campaigns":false,"_monsterinsights_skip_tracking":false,"_monsterinsights_sitenote_active":false,"_monsterinsights_sitenote_note":"","_monsterinsights_sitenote_category":0,"footnotes":""},"categories":[2],"tags":[8378,8377],"class_list":["post-45412","post","type-post","status-publish","format-standard","has-post-thumbnail","hentry","category-vijesti","tag-gradsko-pozoriste-jazavac","tag-juhu-fest"],"jetpack_featured_media_url":"https:\/\/www.mladibl.com\/wp-content\/uploads\/2025\/03\/Pocinje-jos-jedan-\u201eJuhu-fest-u-GP-\u201eJazavac.jpg","amp_enabled":true,"_links":{"self":[{"href":"https:\/\/www.mladibl.com\/index.php?rest_route=\/wp\/v2\/posts\/45412","targetHints":{"allow":["GET"]}}],"collection":[{"href":"https:\/\/www.mladibl.com\/index.php?rest_route=\/wp\/v2\/posts"}],"about":[{"href":"https:\/\/www.mladibl.com\/index.php?rest_route=\/wp\/v2\/types\/post"}],"author":[{"embeddable":true,"href":"https:\/\/www.mladibl.com\/index.php?rest_route=\/wp\/v2\/users\/1"}],"replies":[{"embeddable":true,"href":"https:\/\/www.mladibl.com\/index.php?rest_route=%2Fwp%2Fv2%2Fcomments&post=45412"}],"version-history":[{"count":1,"href":"https:\/\/www.mladibl.com\/index.php?rest_route=\/wp\/v2\/posts\/45412\/revisions"}],"predecessor-version":[{"id":45423,"href":"https:\/\/www.mladibl.com\/index.php?rest_route=\/wp\/v2\/posts\/45412\/revisions\/45423"}],"wp:featuredmedia":[{"embeddable":true,"href":"https:\/\/www.mladibl.com\/index.php?rest_route=\/wp\/v2\/media\/45422"}],"wp:attachment":[{"href":"https:\/\/www.mladibl.com\/index.php?rest_route=%2Fwp%2Fv2%2Fmedia&parent=45412"}],"wp:term":[{"taxonomy":"category","embeddable":true,"href":"https:\/\/www.mladibl.com\/index.php?rest_route=%2Fwp%2Fv2%2Fcategories&post=45412"},{"taxonomy":"post_tag","embeddable":true,"href":"https:\/\/www.mladibl.com\/index.php?rest_route=%2Fwp%2Fv2%2Ftags&post=45412"}],"curies":[{"name":"wp","href":"https:\/\/api.w.org\/{rel}","templated":true}]}}