{"id":45332,"date":"2025-03-27T08:42:01","date_gmt":"2025-03-27T06:42:01","guid":{"rendered":"https:\/\/www.mladibl.com\/?p=45332"},"modified":"2025-03-27T08:42:07","modified_gmt":"2025-03-27T06:42:07","slug":"radionica-vjestine-javnog-nastupa","status":"publish","type":"post","link":"https:\/\/www.mladibl.com\/?p=45332","title":{"rendered":"Radionica \u201eVje\u0161tine javnog nastupa\u201c"},"content":{"rendered":"\n<p>Prilika za studente Filozofskog i Pravnog fakulteta.<\/p>\n\n\n\n<p><strong>Pravni fakultet Univerziteta u Banjoj Luci, u saradnji sa Fondacijom Konrad Adenauer Predstavni\u0161tvom u Bosni i Hercegovini, organizuje radionicu \u201eVje\u0161tine javnog nastupa\u201c, koja \u0107e se odr\u017eati 5. aprila 2025. godine (subota) u sali 78 Pravnog fakulteta, sa po\u010detkom u 9 \u010dasova.<\/strong><\/p>\n\n\n\n<p>Ova radionica namijenjena je studentima<strong> Filozofskog i Pravnog fakulteta<\/strong>, pru\u017eaju\u0107i im priliku da se upoznaju sa zna\u010dajem javnog nastupa u savremenom dobu, nau\u010de o tehnikama pisanja i izvo\u0111enja govora, te da aktivno u\u010destvuju u prakti\u010dnim vje\u017ebama.<\/p>\n\n\n\n<p>Radionica \u0107e biti podijeljena u dva dijela: prvi dio uklju\u010duje prakti\u010dna predavanja, dok \u0107e u drugom studenti izlagati svoje govore na teme koje \u0107e dobiti nakon zavr\u0161etka konkursa.<\/p>\n\n\n\n<p>Predava\u010di \u0107e biti vi\u0161i asistenti <strong>Olivera \u0160evo Grebenar, ma<\/strong>, <strong>Igor Popovi\u0107, ma<\/strong>, i <strong>Milica Kostovski<\/strong>, vi\u0161i asistenti sa Pravnog fakulteta Univerziteta u Banjoj Luci, koji su ujedno i saradnici i mentori u Centru za retoriku i govorni\u0161tvo \u201eInstitutio Oratoria\u201c istog fakulteta.<\/p>\n\n\n\n<p>Pozivamo zainteresovane studente Filozofskog fakulteta da se prijave mejlom na i<a href=\"mailto:gor.popovic@pf.unibl.org\">gor.popovic@pf.unibl.org<\/a> i <a href=\"mailto:olivera.sevo@pf.unibl.org\">olivera.sevo@pf.unibl.org<\/a> sa naznakom \u201ePrijava na radionicu Vje\u0161tine javnog nastupa\u201c. U prijavi je potrebno navesti ime i prezime, godinu studija, studijski program i slu\u017ebenu (fakultetsku) e-mail adresu.<\/p>\n\n\n\n<p><strong>Nagla\u0161avamo da je za studente Filozofskog fakulteta predvi\u0111eno 7 mjesta. <\/strong>Broj mjesta je ograni\u010den na ukupno 15 u\u010desnika, a konkurs se zavr\u0161ava nakon pristiglih 15 prijava. Odabrani polaznici \u0107e dobiti certifikat o poha\u0111anju radionice. Rok za prijavu je 1. april 2025. godine (utorak).<\/p>\n\n\n\n<p><a href=\"https:\/\/ff.unibl.org\/admin\/get-document-admin\/720\">Poziv za radionicu<\/a><\/p>\n\n\n\n<p><a href=\"https:\/\/ff.unibl.org\/admin\/get-document-admin\/719\">Program radionice<\/a><\/p>\n\n\n\n<p>Preuzeto sa: <a href=\"https:\/\/ff.unibl.org\/sve-novosti\/novost\/1272\/radionica-vjestine-javnog-nastupa-prilika-za-studente-filozofskog-i-pravnog-fakulteta\" target=\"_blank\" rel=\"noreferrer noopener\">Filozofski fakultet<\/a><\/p>\n","protected":false},"excerpt":{"rendered":"<p>Prilika za studente Filozofskog i Pravnog fakulteta. Pravni fakultet Univerziteta u Banjoj Luci, u saradnji sa Fondacijom Konrad Adenauer Predstavni\u0161tvom<\/p>\n","protected":false},"author":1,"featured_media":45326,"comment_status":"closed","ping_status":"open","sticky":false,"template":"","format":"standard","meta":{"om_disable_all_campaigns":false,"_monsterinsights_skip_tracking":false,"_monsterinsights_sitenote_active":false,"_monsterinsights_sitenote_note":"","_monsterinsights_sitenote_category":0,"footnotes":""},"categories":[4],"tags":[104,23,950],"class_list":["post-45332","post","type-post","status-publish","format-standard","has-post-thumbnail","hentry","category-edukacija","tag-javni-nastup","tag-radionica","tag-vjestine"],"jetpack_featured_media_url":"https:\/\/www.mladibl.com\/wp-content\/uploads\/2025\/03\/Radionica-\u201eVjestine-javnog-nastupa.jpg","amp_enabled":true,"_links":{"self":[{"href":"https:\/\/www.mladibl.com\/index.php?rest_route=\/wp\/v2\/posts\/45332","targetHints":{"allow":["GET"]}}],"collection":[{"href":"https:\/\/www.mladibl.com\/index.php?rest_route=\/wp\/v2\/posts"}],"about":[{"href":"https:\/\/www.mladibl.com\/index.php?rest_route=\/wp\/v2\/types\/post"}],"author":[{"embeddable":true,"href":"https:\/\/www.mladibl.com\/index.php?rest_route=\/wp\/v2\/users\/1"}],"replies":[{"embeddable":true,"href":"https:\/\/www.mladibl.com\/index.php?rest_route=%2Fwp%2Fv2%2Fcomments&post=45332"}],"version-history":[{"count":1,"href":"https:\/\/www.mladibl.com\/index.php?rest_route=\/wp\/v2\/posts\/45332\/revisions"}],"predecessor-version":[{"id":45333,"href":"https:\/\/www.mladibl.com\/index.php?rest_route=\/wp\/v2\/posts\/45332\/revisions\/45333"}],"wp:featuredmedia":[{"embeddable":true,"href":"https:\/\/www.mladibl.com\/index.php?rest_route=\/wp\/v2\/media\/45326"}],"wp:attachment":[{"href":"https:\/\/www.mladibl.com\/index.php?rest_route=%2Fwp%2Fv2%2Fmedia&parent=45332"}],"wp:term":[{"taxonomy":"category","embeddable":true,"href":"https:\/\/www.mladibl.com\/index.php?rest_route=%2Fwp%2Fv2%2Fcategories&post=45332"},{"taxonomy":"post_tag","embeddable":true,"href":"https:\/\/www.mladibl.com\/index.php?rest_route=%2Fwp%2Fv2%2Ftags&post=45332"}],"curies":[{"name":"wp","href":"https:\/\/api.w.org\/{rel}","templated":true}]}}