{"id":45249,"date":"2025-03-24T00:57:59","date_gmt":"2025-03-23T22:57:59","guid":{"rendered":"https:\/\/www.mladibl.com\/?p=45249"},"modified":"2025-03-24T00:58:05","modified_gmt":"2025-03-23T22:58:05","slug":"konkurs-za-erazmus-razmjenu-studenata-u-italiji","status":"publish","type":"post","link":"https:\/\/www.mladibl.com\/?p=45249","title":{"rendered":"Konkurs za Erazmus+ razmjenu studenata u Italiji"},"content":{"rendered":"\n<p><strong>U okviru COMMO IX programa otvoren je konkurs za razmjenu studenata, Erazmus+ KA171 na Slobodnom mediteranskom univerzitetu u Bariju, Italija.<\/strong><\/p>\n\n\n\n<p><strong>Broj dostupnih stipendija:<\/strong> tri (3) stipendije u svrhu studiranja<\/p>\n\n\n\n<p><strong>Trajanje razmjene:<\/strong> dva (2) do pet (5) mjeseci<\/p>\n\n\n\n<p><strong>Period realizacije <\/strong><strong>razmjene:<\/strong> razmjena se mora realizovati u zimskom semestru akademske 2025\/26. godine<\/p>\n\n\n\n<p><strong>Ko se mo\u017ee prijaviti: <\/strong>studenti cva tri ciklusa studija iz sljede\u0107ih oblasti: ekonomija, poslovno upravljanje, finansije, bankarstvo i osiguranje, pravo, biologija, hemija, informacione i komunikacione tehnologije i ra\u010dunarske nauke.<\/p>\n\n\n\n<p><strong>Iznos stipendije:<\/strong><\/p>\n\n\n\n<ul class=\"wp-block-list\">\n<li>mjese\u010dna stipendije u iznosu od 900 evra (za tro\u0161kove \u017eivota),<\/li>\n\n\n\n<li>putni tro\u0161kovi u iznosu od 180 evra,<\/li>\n\n\n\n<li>viza, dozvola za boravak i osiguranje nisu obuhva\u0107eni ovom stipendijom, te je stipendista du\u017ean da ove tro\u0161kove snosi sam.<\/li>\n<\/ul>\n\n\n\n<p><strong>Potrebna dokumentacija:<\/strong><\/p>\n\n\n\n<p>Za konkurs je potrebno dostaviti sljede\u0107e dokumente:<\/p>\n\n\n\n<p>1. Kopija paso\u0161a<\/p>\n\n\n\n<p>2. CV u Europass&nbsp;formatu<\/p>\n\n\n\n<p>3. Prepis ocjena<\/p>\n\n\n\n<p>4. Motivaciono pismo<\/p>\n\n\n\n<p>5. Prijedlog ugovora o u\u010denju (<a href=\"https:\/\/unibl.org\/uploads\/files\/strane\/saradnja\/2025\/online_learning_agreement_studies.docx\" target=\"_blank\" rel=\"noreferrer noopener\">Prilog<\/a>)<\/p>\n\n\n\n<p>6. Dokaz o poznavanju engleskog ili italijanskog jezika na nivou B2<\/p>\n\n\n\n<p>7. Prijavni obrazac (<a href=\"https:\/\/unibl.org\/uploads\/files\/strane\/saradnja\/2025\/Application_form_SMS_COMMO_IX.docx\" target=\"_blank\" rel=\"noreferrer noopener\">Prilog<\/a>)<\/p>\n\n\n\n<p>8. Detaljan opis istra\u017eivanja za studente tre\u0107eg ciklusa.<\/p>\n\n\n\n<p>Za pomo\u0107 prilikom izrade ugovora o u\u010denju obratiti se nadle\u017enom akademskom koordinatoru za me\u0111unarodnu razmjenu studenata i osoblja<\/p>\n\n\n\n<p><a href=\"http:\/\/unibl.org\/sr\/saradnja\/kancelarija-prorektora\/akademski-koordinatori-za-medjunarodnu-razmjenu-studenata-i-osoblja\" target=\"_blank\" rel=\"noreferrer noopener\">http:\/\/<\/a><a href=\"http:\/\/unibl.org\/sr\/saradnja\/kancelarija-prorektora\/akademski-koordinatori-za-medjunarodnu-razmjenu-studenata-i-osoblja\" target=\"_blank\" rel=\"noreferrer noopener\">unibl<\/a><a href=\"http:\/\/unibl.org\/sr\/saradnja\/kancelarija-prorektora\/akademski-koordinatori-za-medjunarodnu-razmjenu-studenata-i-osoblja\" target=\"_blank\" rel=\"noreferrer noopener\">.org<\/a><a href=\"http:\/\/unibl.org\/sr\/saradnja\/kancelarija-prorektora\/akademski-koordinatori-za-medjunarodnu-razmjenu-studenata-i-osoblja\" target=\"_blank\" rel=\"noreferrer noopener\">\/<\/a><a href=\"http:\/\/unibl.org\/sr\/saradnja\/kancelarija-prorektora\/akademski-koordinatori-za-medjunarodnu-razmjenu-studenata-i-osoblja\" target=\"_blank\" rel=\"noreferrer noopener\">sr<\/a><a href=\"http:\/\/unibl.org\/sr\/saradnja\/kancelarija-prorektora\/akademski-koordinatori-za-medjunarodnu-razmjenu-studenata-i-osoblja\" target=\"_blank\" rel=\"noreferrer noopener\">\/<\/a><a href=\"http:\/\/unibl.org\/sr\/saradnja\/kancelarija-prorektora\/akademski-koordinatori-za-medjunarodnu-razmjenu-studenata-i-osoblja\" target=\"_blank\" rel=\"noreferrer noopener\">saradnja<\/a><a href=\"http:\/\/unibl.org\/sr\/saradnja\/kancelarija-prorektora\/akademski-koordinatori-za-medjunarodnu-razmjenu-studenata-i-osoblja\" target=\"_blank\" rel=\"noreferrer noopener\">\/<\/a><a href=\"http:\/\/unibl.org\/sr\/saradnja\/kancelarija-prorektora\/akademski-koordinatori-za-medjunarodnu-razmjenu-studenata-i-osoblja\" target=\"_blank\" rel=\"noreferrer noopener\">kancelarija<\/a><a href=\"http:\/\/unibl.org\/sr\/saradnja\/kancelarija-prorektora\/akademski-koordinatori-za-medjunarodnu-razmjenu-studenata-i-osoblja\" target=\"_blank\" rel=\"noreferrer noopener\">&#8211;<\/a><a href=\"http:\/\/unibl.org\/sr\/saradnja\/kancelarija-prorektora\/akademski-koordinatori-za-medjunarodnu-razmjenu-studenata-i-osoblja\" target=\"_blank\" rel=\"noreferrer noopener\">prorektora<\/a><a href=\"http:\/\/unibl.org\/sr\/saradnja\/kancelarija-prorektora\/akademski-koordinatori-za-medjunarodnu-razmjenu-studenata-i-osoblja\" target=\"_blank\" rel=\"noreferrer noopener\">\/<\/a><a href=\"http:\/\/unibl.org\/sr\/saradnja\/kancelarija-prorektora\/akademski-koordinatori-za-medjunarodnu-razmjenu-studenata-i-osoblja\" target=\"_blank\" rel=\"noreferrer noopener\">akademski<\/a><a href=\"http:\/\/unibl.org\/sr\/saradnja\/kancelarija-prorektora\/akademski-koordinatori-za-medjunarodnu-razmjenu-studenata-i-osoblja\" target=\"_blank\" rel=\"noreferrer noopener\">&#8211;<\/a><a href=\"http:\/\/unibl.org\/sr\/saradnja\/kancelarija-prorektora\/akademski-koordinatori-za-medjunarodnu-razmjenu-studenata-i-osoblja\" target=\"_blank\" rel=\"noreferrer noopener\">koordinatori<\/a><a href=\"http:\/\/unibl.org\/sr\/saradnja\/kancelarija-prorektora\/akademski-koordinatori-za-medjunarodnu-razmjenu-studenata-i-osoblja\" target=\"_blank\" rel=\"noreferrer noopener\">&#8211;<\/a><a href=\"http:\/\/unibl.org\/sr\/saradnja\/kancelarija-prorektora\/akademski-koordinatori-za-medjunarodnu-razmjenu-studenata-i-osoblja\" target=\"_blank\" rel=\"noreferrer noopener\">za<\/a><a href=\"http:\/\/unibl.org\/sr\/saradnja\/kancelarija-prorektora\/akademski-koordinatori-za-medjunarodnu-razmjenu-studenata-i-osoblja\" target=\"_blank\" rel=\"noreferrer noopener\">&#8211;<\/a>&nbsp;&nbsp;&nbsp;<a href=\"http:\/\/unibl.org\/sr\/saradnja\/kancelarija-prorektora\/akademski-koordinatori-za-medjunarodnu-razmjenu-studenata-i-osoblja\" target=\"_blank\" rel=\"noreferrer noopener\">medjunarodnu<\/a><a href=\"http:\/\/unibl.org\/sr\/saradnja\/kancelarija-prorektora\/akademski-koordinatori-za-medjunarodnu-razmjenu-studenata-i-osoblja\" target=\"_blank\" rel=\"noreferrer noopener\">razmjenu<\/a><a href=\"http:\/\/unibl.org\/sr\/saradnja\/kancelarija-prorektora\/akademski-koordinatori-za-medjunarodnu-razmjenu-studenata-i-osoblja\" target=\"_blank\" rel=\"noreferrer noopener\">&#8211;<\/a><a href=\"http:\/\/unibl.org\/sr\/saradnja\/kancelarija-prorektora\/akademski-koordinatori-za-medjunarodnu-razmjenu-studenata-i-osoblja\" target=\"_blank\" rel=\"noreferrer noopener\">studenata<\/a><a href=\"http:\/\/unibl.org\/sr\/saradnja\/kancelarija-prorektora\/akademski-koordinatori-za-medjunarodnu-razmjenu-studenata-i-osoblja\" target=\"_blank\" rel=\"noreferrer noopener\">&#8211;<\/a><a href=\"http:\/\/unibl.org\/sr\/saradnja\/kancelarija-prorektora\/akademski-koordinatori-za-medjunarodnu-razmjenu-studenata-i-osoblja\" target=\"_blank\" rel=\"noreferrer noopener\">i<\/a><a href=\"http:\/\/unibl.org\/sr\/saradnja\/kancelarija-prorektora\/akademski-koordinatori-za-medjunarodnu-razmjenu-studenata-i-osoblja\" target=\"_blank\" rel=\"noreferrer noopener\">&#8211;<\/a><a href=\"http:\/\/unibl.org\/sr\/saradnja\/kancelarija-prorektora\/akademski-koordinatori-za-medjunarodnu-razmjenu-studenata-i-osoblja\" target=\"_blank\" rel=\"noreferrer noopener\">osoblja<\/a><\/p>\n\n\n\n<p><strong>PRIJAVA:<\/strong><\/p>\n\n\n\n<p>Sva tra\u017eena dokumentacija se dostavlja putem aplikacije eStudent, a uputstvo za prijavu je dostupno na sljede\u0107oj adresi &#8211;&nbsp;<a href=\"https:\/\/unibl.org\/uploads\/files\/strane\/stipendije\/00%20Uputstvo%20za%20razmjenu%20studenata.pdf\" target=\"_blank\" rel=\"noreferrer noopener\">Uputstvo za prijavu razmjene studenata&nbsp;<\/a>. Za sva dodatna pitanja mo\u017eete se obratiti na adresu elektronske po\u0161te&nbsp;<a href=\"mailto:erasmus@unibl.org\">erasmus@unibl.org&nbsp;<\/a>ili telefonski na broj 051\/266-170.<\/p>\n\n\n\n<p>Rok za dostavljanje dokumentacije je 31. mart 2025. godine do 16 \u010dasova.<\/p>\n\n\n\n<p><strong>LINKOVI:<\/strong><\/p>\n\n\n\n<p>&#8211; o Univerzitetu: <a href=\"https:\/\/www.lum.it\/\" target=\"_blank\" rel=\"noreferrer noopener\">https:\/\/www.lum.it\/<\/a><\/p>\n\n\n\n<p>&#8211; katalog predmeta na engleskom jeziku: <a href=\"https:\/\/www.lum.it\/en\/international-courses-catalogue\/\" target=\"_blank\" rel=\"noreferrer noopener\">https:\/\/www.lum.it\/en\/international-courses-catalogue\/<\/a><\/p>\n\n\n\n<p>&#8211; informacije o vizi, smje\u0161taju i osiguranju: <a href=\"https:\/\/www.lum.it\/en\/international-mobility\/incoming-students\/\" target=\"_blank\" rel=\"noreferrer noopener\">https:\/\/www.lum.it\/en\/international-mobility\/incoming-students\/<\/a><\/p>\n\n\n\n<p><strong>POSTUPAK ODABIRA:<\/strong><\/p>\n\n\n\n<ol class=\"wp-block-list\">\n<li>Odabir kandidata se vr\u0161i u skladu sa\u00a0<a href=\"https:\/\/unibl.org\/uploads\/files\/strane\/pravila\/pravila-rad-komisije-ERASMUS.pdf\" target=\"_blank\" rel=\"noreferrer noopener\">Pravilima\u00a0<\/a>o radu Komisije i kriterijumima za sprovo\u0111enje postupka izbora kandidata za razmjenu odlaze\u0107ih studenata i osoblja u okviru programa Erazmus+ KA171.<\/li>\n\n\n\n<li>Odobrene prijave \u0107e biti poslate partnerskom univerzitetu kao nominacije.<\/li>\n\n\n\n<li>Partnerski univerzitet odlu\u010duje o kona\u010dnom izboru kandidata.<\/li>\n<\/ol>\n\n\n\n<p>Preuzeto sa: <a href=\"https:\/\/www.unibl.org\/sr-lat\/vesti\/2025\/03\/konkurs-za-erazmus-razmjenu-studenata1\" target=\"_blank\" rel=\"noreferrer noopener\">Univerzitet u Banjoj Luci<\/a><\/p>\n\n\n\n<p><\/p>\n","protected":false},"excerpt":{"rendered":"<p>U okviru COMMO IX programa otvoren je konkurs za razmjenu studenata, Erazmus+ KA171 na Slobodnom mediteranskom univerzitetu u Bariju, Italija.<\/p>\n","protected":false},"author":1,"featured_media":45228,"comment_status":"closed","ping_status":"open","sticky":false,"template":"","format":"standard","meta":{"om_disable_all_campaigns":false,"_monsterinsights_skip_tracking":false,"_monsterinsights_sitenote_active":false,"_monsterinsights_sitenote_note":"","_monsterinsights_sitenote_category":0,"footnotes":""},"categories":[13],"tags":[20,2902,2011,62],"class_list":["post-45249","post","type-post","status-publish","format-standard","has-post-thumbnail","hentry","category-studenti","tag-erasmus","tag-italija","tag-razmjena","tag-studenti"],"jetpack_featured_media_url":"https:\/\/www.mladibl.com\/wp-content\/uploads\/2025\/03\/Konkurs-za-Erazmus-razmjenu-studenata.jpg","amp_enabled":true,"_links":{"self":[{"href":"https:\/\/www.mladibl.com\/index.php?rest_route=\/wp\/v2\/posts\/45249","targetHints":{"allow":["GET"]}}],"collection":[{"href":"https:\/\/www.mladibl.com\/index.php?rest_route=\/wp\/v2\/posts"}],"about":[{"href":"https:\/\/www.mladibl.com\/index.php?rest_route=\/wp\/v2\/types\/post"}],"author":[{"embeddable":true,"href":"https:\/\/www.mladibl.com\/index.php?rest_route=\/wp\/v2\/users\/1"}],"replies":[{"embeddable":true,"href":"https:\/\/www.mladibl.com\/index.php?rest_route=%2Fwp%2Fv2%2Fcomments&post=45249"}],"version-history":[{"count":1,"href":"https:\/\/www.mladibl.com\/index.php?rest_route=\/wp\/v2\/posts\/45249\/revisions"}],"predecessor-version":[{"id":45250,"href":"https:\/\/www.mladibl.com\/index.php?rest_route=\/wp\/v2\/posts\/45249\/revisions\/45250"}],"wp:featuredmedia":[{"embeddable":true,"href":"https:\/\/www.mladibl.com\/index.php?rest_route=\/wp\/v2\/media\/45228"}],"wp:attachment":[{"href":"https:\/\/www.mladibl.com\/index.php?rest_route=%2Fwp%2Fv2%2Fmedia&parent=45249"}],"wp:term":[{"taxonomy":"category","embeddable":true,"href":"https:\/\/www.mladibl.com\/index.php?rest_route=%2Fwp%2Fv2%2Fcategories&post=45249"},{"taxonomy":"post_tag","embeddable":true,"href":"https:\/\/www.mladibl.com\/index.php?rest_route=%2Fwp%2Fv2%2Ftags&post=45249"}],"curies":[{"name":"wp","href":"https:\/\/api.w.org\/{rel}","templated":true}]}}