{"id":45097,"date":"2025-03-18T11:18:56","date_gmt":"2025-03-18T09:18:56","guid":{"rendered":"https:\/\/www.mladibl.com\/?p=45097"},"modified":"2025-03-18T11:19:03","modified_gmt":"2025-03-18T09:19:03","slug":"banja-luka-domacin-medunarodnog-sajma-privrede","status":"publish","type":"post","link":"https:\/\/www.mladibl.com\/?p=45097","title":{"rendered":"Banja Luka doma\u0107in Me\u0111unarodnog sajma privrede"},"content":{"rendered":"\n<p>Banja Luka \u0107e od 18. do 21. marta biti doma\u0107in Me\u0111unarodnog sajma privrede \u201eBanja Luka EXPO 2025\u201c, koji \u0107e u Kampusu Univerziteta u Banjoj Luci okupiti izlaga\u010de iz razli\u010ditih privrednih oblasti iz osam zemalja regiona i Evrope.<\/p>\n\n\n\n<p>Me\u0111unarodni sajam privrede \u201eBANJA LUKA EXPO 2025\u201c, kako su saop\u0161tili organizatori \u2013 predstavlja savremenu me\u0111unarodnu izlo\u017ebu u oblasti gra\u0111evinarstva, metalne i elektro industrije, drvne industrije, tehnike i ku\u0107anskih aparata, IT sektora \u2013 elektronike i robotike, nekretnina, arhitekture i projektovanja. Svoje u\u010de\u0161\u0107e \u0107e uzeti i izlaga\u010di iz bankarskog sektora, mikrokreditnih organizacija, osiguravaju\u0107ih dru\u0161tava, te ostalih finansijskih institucija iz BiH.<\/p>\n\n\n\n<p>Velika me\u0111unarodna sajamska manifestacija bi\u0107e odr\u017eana u organizaciji kompanije \u201eRS Consulting and Trade\u201c d.o.o. Banja Luka i kompanije \u201eElite Fair\u201c d.o.o. Banja Luka uz institucionalnu podr\u0161ku Vlade Republike Srpske, Ministarstva vanjske trgovine i ekonomskih odnosa BiH, Spoljnotrgovinske komore BiH, Privredne komore Republike Srpske i Grada Banja Luka.<\/p>\n\n\n\n<p>Preuzeto sa: <a href=\"https:\/\/www.banjaluka.rs.ba\/banja-luka-expo-od-18-do-21-marta\/\" target=\"_blank\" rel=\"noreferrer noopener\">Grad Banja Luka<\/a><\/p>\n","protected":false},"excerpt":{"rendered":"<p>Banja Luka \u0107e od 18. do 21. marta biti doma\u0107in Me\u0111unarodnog sajma privrede \u201eBanja Luka EXPO 2025\u201c, koji \u0107e u<\/p>\n","protected":false},"author":1,"featured_media":45107,"comment_status":"closed","ping_status":"open","sticky":false,"template":"","format":"standard","meta":{"om_disable_all_campaigns":false,"_monsterinsights_skip_tracking":false,"_monsterinsights_sitenote_active":false,"_monsterinsights_sitenote_note":"","_monsterinsights_sitenote_category":0,"footnotes":""},"categories":[2],"tags":[13911,473,2635],"class_list":["post-45097","post","type-post","status-publish","format-standard","has-post-thumbnail","hentry","category-vijesti","tag-banja-luka-expo","tag-privreda","tag-sajam"],"jetpack_featured_media_url":"https:\/\/www.mladibl.com\/wp-content\/uploads\/2025\/03\/Banja-Luka-od-sutra-domacin-Medunarodnog-sajma-privrede.jpg","amp_enabled":true,"_links":{"self":[{"href":"https:\/\/www.mladibl.com\/index.php?rest_route=\/wp\/v2\/posts\/45097","targetHints":{"allow":["GET"]}}],"collection":[{"href":"https:\/\/www.mladibl.com\/index.php?rest_route=\/wp\/v2\/posts"}],"about":[{"href":"https:\/\/www.mladibl.com\/index.php?rest_route=\/wp\/v2\/types\/post"}],"author":[{"embeddable":true,"href":"https:\/\/www.mladibl.com\/index.php?rest_route=\/wp\/v2\/users\/1"}],"replies":[{"embeddable":true,"href":"https:\/\/www.mladibl.com\/index.php?rest_route=%2Fwp%2Fv2%2Fcomments&post=45097"}],"version-history":[{"count":1,"href":"https:\/\/www.mladibl.com\/index.php?rest_route=\/wp\/v2\/posts\/45097\/revisions"}],"predecessor-version":[{"id":45108,"href":"https:\/\/www.mladibl.com\/index.php?rest_route=\/wp\/v2\/posts\/45097\/revisions\/45108"}],"wp:featuredmedia":[{"embeddable":true,"href":"https:\/\/www.mladibl.com\/index.php?rest_route=\/wp\/v2\/media\/45107"}],"wp:attachment":[{"href":"https:\/\/www.mladibl.com\/index.php?rest_route=%2Fwp%2Fv2%2Fmedia&parent=45097"}],"wp:term":[{"taxonomy":"category","embeddable":true,"href":"https:\/\/www.mladibl.com\/index.php?rest_route=%2Fwp%2Fv2%2Fcategories&post=45097"},{"taxonomy":"post_tag","embeddable":true,"href":"https:\/\/www.mladibl.com\/index.php?rest_route=%2Fwp%2Fv2%2Ftags&post=45097"}],"curies":[{"name":"wp","href":"https:\/\/api.w.org\/{rel}","templated":true}]}}