{"id":450,"date":"2019-12-03T12:00:06","date_gmt":"2019-12-03T10:00:06","guid":{"rendered":"http:\/\/www.mladibl.com\/?p=450"},"modified":"2019-12-11T01:12:59","modified_gmt":"2019-12-10T23:12:59","slug":"za-kulturne-manifestacije-190-000-km","status":"publish","type":"post","link":"https:\/\/www.mladibl.com\/?p=450","title":{"rendered":"Za kulturne manifestacije 190.000 KM"},"content":{"rendered":"\n<p>Za podr\u0161ku projektima iz kalendara kulturnih manifestacija za idu\u0107u godinu, Grad Banja Luka \u0107e izdvojiti 190.000 KM.  Ovaj dokument na\u0107i \u0107e se pred odbornicima Skup\u0161tine grada na sjednici 11. decembra i ukoliko dobije podr\u0161ku, Grad \u0107e i u narednoj godini podr\u017eati niz kulturnih manifestacija.<\/p>\n\n\n\n<p>Iz Odjeljenja za kulturu, turizam i socijalnu politiku nagla\u0161avaju da su udru\u017eenja i kulturni radnici pokazali, do sada, najve\u0107i interes za u\u010de\u0161\u0107e u relaizaciji projekata, jer je na javni poziv stiglo pedesetak prijava.<\/p>\n\n\n\n<p>U kalendar kulturnih manifestacija uvr\u0161tene su doga\u0111aji kojima \u0107e biti pru\u017eena podr\u0161ka na razli\u010dite na\u010dine \u2013 od nov\u010dane, ustupanja prostora, pa do podr\u0161ke prilikom promocije. Kroz ovaj kalendar, Grad \u0107e podr\u017eati brojne tradicionalne manifestacije, poput Ko\u010di\u0107evog zbora, Dana Vlade Milo\u0161evi\u0107a, \u0110ur\u0111evdanskog festivala dje\u010dije pjesme, Teatar festa, No\u0107i muzeja i druge, a kona\u010dan spisak podr\u017eanih manifestacija bi\u0107e poznat kada Skup\u0161tina grada usvoji ovaj dokument \u2013 ka\u017ee Neven Stani\u0107, na\u010delnik Odjeljenja za kulturu, turizam i socijalnu politiku.<\/p>\n\n\n\n<p>Na\u010delnik Stani\u0107 isti\u010de da se, prilikom izrade kalendara kulturnih manifestacija, u prvi plan stavlja kvalitet krajnjeg proizvoda.<\/p>\n\n\n\n<p>Na\u0161 prvi kriterijum je kvalitet i toga se strogo pridr\u017eavamo. Va\u017eno je da ti programi zadovoljavaju kulturne potrebe na\u0161ih gra\u0111ana, a sa druge strane, nastojimo da organizacijom ovih manigfestacija privu\u010demo i turiste. Istovremeno, va\u017eno je da zadr\u017eimo kontinuitet u realizaciji manifestacija me\u0111unarodnog karaktera poput festivala koji imaju takmi\u010darski karakter i koji, kroz zdravu konkurenciju, svake godine donesu neki novi kulturno-umjetni\u010dki sadr\u017eaj \u2013 kazao je Stani\u0107.<\/p>\n\n\n\n<p>On dodaje da izdavajanja za kalendar kulturnih manifestacija ne\u0107e biti jedina tokom idu\u0107e godine i da \u0107e Grad podr\u017eati jo\u0161 projekata iz oblasti kulture.<\/p>\n\n\n\n<p>U februaru idu\u0107e godine, bi\u0107e raspisan javni konkurs za sufinansiranje projekata kulturno-umjetni\u010dkog stvarala\u0161tva i to su dodatna sredstva mimo kalendara kulturnih manifestacija. Tako\u0111e, u okviru programa \u201eProlje\u0107e u Banjaluci 2020\u201c,  bi\u0107e raspisan javni poziv za izbor manifestacija\/projekata koji \u0107e Grad sufinansirati i taj poziv bi trebalo da bude objavljen do kraja ove godine \u2013 naveo je Stani\u0107.<\/p>\n\n\n\n<p>Preuzeto sa: <a href=\"http:\/\/www.banjaluka.rs.ba\/%d0%b7%d0%b0-%d0%ba%d1%83%d0%bb%d1%82%d1%83%d1%80%d0%bd%d0%b5-%d0%bc%d0%b0%d0%bd%d0%b8%d1%84%d0%b5%d1%81%d1%82%d0%b0%d1%86%d0%b8%d1%98%d0%b5-190-000-%d0%ba%d0%bc\/\" target=\"_blank\" rel=\"noreferrer noopener\" aria-label=\"Grad Banja Luka (opens in a new tab)\">Grad Banja Luka<\/a><\/p>\n","protected":false},"excerpt":{"rendered":"<p>Za podr\u0161ku projektima iz kalendara kulturnih manifestacija za idu\u0107u godinu, Grad Banja Luka \u0107e izdvojiti 190.000 KM. Ovaj dokument na\u0107i<\/p>\n","protected":false},"author":1,"featured_media":451,"comment_status":"closed","ping_status":"open","sticky":false,"template":"","format":"standard","meta":{"om_disable_all_campaigns":false,"_monsterinsights_skip_tracking":false,"_monsterinsights_sitenote_active":false,"_monsterinsights_sitenote_note":"","_monsterinsights_sitenote_category":0,"footnotes":""},"categories":[2],"tags":[27,29],"class_list":["post-450","post","type-post","status-publish","format-standard","has-post-thumbnail","hentry","category-vijesti","tag-grad-banja-luka","tag-kultura"],"jetpack_featured_media_url":"https:\/\/www.mladibl.com\/wp-content\/uploads\/2019\/12\/Za-kulturne-manifestacije-190.000-KM.jpg","amp_enabled":true,"_links":{"self":[{"href":"https:\/\/www.mladibl.com\/index.php?rest_route=\/wp\/v2\/posts\/450","targetHints":{"allow":["GET"]}}],"collection":[{"href":"https:\/\/www.mladibl.com\/index.php?rest_route=\/wp\/v2\/posts"}],"about":[{"href":"https:\/\/www.mladibl.com\/index.php?rest_route=\/wp\/v2\/types\/post"}],"author":[{"embeddable":true,"href":"https:\/\/www.mladibl.com\/index.php?rest_route=\/wp\/v2\/users\/1"}],"replies":[{"embeddable":true,"href":"https:\/\/www.mladibl.com\/index.php?rest_route=%2Fwp%2Fv2%2Fcomments&post=450"}],"version-history":[{"count":1,"href":"https:\/\/www.mladibl.com\/index.php?rest_route=\/wp\/v2\/posts\/450\/revisions"}],"predecessor-version":[{"id":452,"href":"https:\/\/www.mladibl.com\/index.php?rest_route=\/wp\/v2\/posts\/450\/revisions\/452"}],"wp:featuredmedia":[{"embeddable":true,"href":"https:\/\/www.mladibl.com\/index.php?rest_route=\/wp\/v2\/media\/451"}],"wp:attachment":[{"href":"https:\/\/www.mladibl.com\/index.php?rest_route=%2Fwp%2Fv2%2Fmedia&parent=450"}],"wp:term":[{"taxonomy":"category","embeddable":true,"href":"https:\/\/www.mladibl.com\/index.php?rest_route=%2Fwp%2Fv2%2Fcategories&post=450"},{"taxonomy":"post_tag","embeddable":true,"href":"https:\/\/www.mladibl.com\/index.php?rest_route=%2Fwp%2Fv2%2Ftags&post=450"}],"curies":[{"name":"wp","href":"https:\/\/api.w.org\/{rel}","templated":true}]}}