{"id":44985,"date":"2025-03-11T00:40:51","date_gmt":"2025-03-10T22:40:51","guid":{"rendered":"https:\/\/www.mladibl.com\/?p=44985"},"modified":"2025-03-11T00:40:57","modified_gmt":"2025-03-10T22:40:57","slug":"prijavi-se-na-eeml-2025-prestizna-ljetna-skola-iz-oblasti-vjestacke-inteligencije","status":"publish","type":"post","link":"https:\/\/www.mladibl.com\/?p=44985","title":{"rendered":"Prijavi se na EEML 2025: Presti\u017ena ljetna \u0161kola iz oblasti vje\u0161ta\u010dke inteligencije"},"content":{"rendered":"\n<p>\ud83d\ude80 <strong>EEML 2025 sti\u017ee u Sarajevo!<\/strong><\/p>\n\n\n\n<p>Ako si zaljubljenik u <strong>vje\u0161ta\u010dku inteligenciju i ma\u0161insko u\u010denje<\/strong>, <strong>21\u201326. jul 2025.<\/strong> rezervi\u0161i u svom kalendaru, jer te \u010deka <strong>najve\u0107a AI ljetna \u0161kola u regionu!<\/strong> \ud83c\udf0d\ud83d\udd25<\/p>\n\n\n\n<p>\ud83d\udccd <strong>Gdje?<\/strong> Sarajevo<br>\ud83d\udcc6 <strong>Kad?<\/strong> 21\u201326. jula 2025.<br>\ud83c\udf93 <strong>Ko organizuje?<\/strong> Istra\u017eiva\u010di <strong>Google DeepMinda<\/strong>, uz podr\u0161ku <strong>ANNT-a i Univerziteta u Sarajevu<\/strong><\/p>\n\n\n\n<p>Ovo je prilika koju ne \u017eeli\u0161 da propusti\u0161! Spremi se da u\u010di\u0161 od <strong>najboljih na svijetu<\/strong> i zakora\u010di\u0161 u budu\u0107nost vje\u0161ta\u010dke inteligencije! \ud83d\ude80\ud83d\udca1<\/p>\n\n\n\n<p>\ud83d\ude80 <strong>Prilika koju ne smije\u0161 propustiti!<\/strong><\/p>\n\n\n\n<p>Ako te zanima vje\u0161ta\u010dka inteligencija i \u017eeli\u0161 da u\u010di\u0161 od vrhunskih stru\u010dnjaka, ovo je prava \u0161ansa za tebe!&nbsp;<\/p>\n\n\n\n<p>EEML ljetna \u0161kola prvi put dolazi u Bosnu i Hercegovinu \u2013 i to je ogromna stvar za sve mlade ljude koji \u017eele da se usavr\u0161e, pove\u017eu s industrijom i steknu znanja koja \u0107e ih lansirati u svijet AI-ja. Ovu \u0161kolu su 2018. godine pokrenuli istra\u017eiva\u010di iz <strong>Google DeepMind-a<\/strong>, a do sada je odr\u017eana u Rumuniji, Poljskoj, Ma\u0111arskoj, Litvaniji, Slova\u010dkoj i Srbiji.<\/p>\n\n\n\n<p>\ud83d\udd25 <strong>\u0160ta te o\u010dekuje?<\/strong><br>\u2705 Predavanja vrhunskih stru\u010dnjaka<br>\u2705 Prakti\u010dni tutorijali s najnovijim AI tehnikama<br>\u2705 Umre\u017eavanje sa stru\u010dnjacima i mladima iz cijelog svijeta<br>\u2705 Nova perspektiva o tome kako AI mo\u017ee promijeniti tvoju budu\u0107nost<\/p>\n\n\n\n<blockquote class=\"wp-block-quote is-layout-flow wp-block-quote-is-layout-flow\">\n<p>\u201cVjerujem da studenti i istra\u017eiva\u010di s na\u0161ih prostora posjeduju izuzetne sposobnosti i mogu doprinijeti projektima najvi\u0161eg nivoa u oblasti vje\u0161ta\u010dke inteligencije. Ono \u0161to nam ponekad nedostaje jeste \u0161ira perspektiva o mogu\u0107nostima primjene ovih vje\u0161tina, kao i interakcija sa svjetskim liderima u ovoj oblasti. Izuzetno se radujem ovom doga\u0111aju, po\u0161to i s\u00e2m vodim porijeklo iz Bosne i Hercegovine\u201d \u2013 <strong>Petar Veli\u010dkovi\u0107<\/strong>, istra\u017eiva\u010d u Google DeepMind-u i predava\u010d na Univerzitetu Cambridge.<\/p>\n<\/blockquote>\n\n\n\n<p>\ud83c\udf1f <strong>U\u010di od najboljih na svijetu!<\/strong> \ud83c\udf1f<\/p>\n\n\n\n<p>Ove godine predava\u010di su <strong>pravi AI lideri<\/strong>, ljudi koji oblikuju budu\u0107nost vje\u0161ta\u010dke inteligencije i ma\u0161inskog u\u010denja. Ovo je tvoja \u0161ansa da ih upozna\u0161 i u\u010di\u0161 direktno od njih! \ud83d\udc47<\/p>\n\n\n\n<ul class=\"wp-block-list\">\n<li><strong>Samy Bengio<\/strong> (Apple AI Research) \u2013 pionir u razvoju dubokih neuronskih mre\u017ea, ekspert za prepoznavanje govora i slika. \ud83d\ude80<\/li>\n\n\n\n<li><strong>Alden Hung<\/strong> (Isomorphic Labs) \u2013 koristi AI za dizajn novih lijekova i bio je dio <strong>Nobelovog tima za hemiju 2024<\/strong>. \ud83d\udc8a<\/li>\n\n\n\n<li><strong>Aaron Courville<\/strong> (Universit\u00e9 de Montr\u00e9al) \u2013 jedan od autora knjige <em>Deep Learning<\/em> i ekspert za generativne modele. \ud83d\udcd6<\/li>\n<\/ul>\n\n\n\n<p>Ovo nije samo jo\u0161 jedan doga\u0111aj \u2013 ovo je prilika da u\u010di\u0161 od <strong>najve\u0107ih umova dana\u0161njice<\/strong> i otvori\u0161 sebi vrata u svijet AI-ja!<\/p>\n\n\n\n<p>\ud83c\udfaf <strong>Prijavi se i budi dio AI budu\u0107nosti!<\/strong><\/p>\n\n\n\n<p>Ne propu\u0161taj priliku \u2013 <strong>prijave su otvorene do 31. marta!<\/strong> Ako si student, istra\u017eiva\u010d ili in\u017eenjer i \u017eeli\u0161 da se pove\u017ee\u0161 s vode\u0107im AI stru\u010dnjacima, sada je pravi trenutak! Prijavi se na \ud83d\udc49 <a href=\"https:\/\/rolify.com\/prilike\/eeml-2025\/www.eeml.eu\/application\"><strong>www.eeml.eu\/application<\/strong><\/a>.<\/p>\n\n\n\n<p>\ud83d\udd25 <strong>Za\u0161to treba da bude\u0161 tamo?<\/strong><br>\u2705 U\u010di od svjetskih AI lidera<br>\u2705 Stekni neprocjenjivo znanje kroz prakti\u010dne tutorijale<br>\u2705 Umre\u017ei se sa AI entuzijastima iz cijelog svijeta<br>\u2705 Otvori sebi vrata za budu\u0107e prilike<\/p>\n\n\n\n<p>\ud83d\udccd <strong>EEML 2025 u Sarajevu<\/strong> stavlja Bosnu i Hercegovinu na globalnu AI mapu! Ovo je prilika da zajedno gradimo ja\u010du tehnolo\u0161ku zajednicu u regionu.<\/p>\n\n\n\n<p>\ud83d\ude80 <strong>Ne \u010dekaj \u2013 prijavi se sada i postani dio AI revolucije!<\/strong><\/p>\n\n\n\n<p><a href=\"http:\/\/www.eeml.eu\/application\"><strong>PRIJAVI SE ODMAH<\/strong><\/a><\/p>\n\n\n\n<p>Preuzeto sa: <a href=\"https:\/\/rolify.com\/prilike\/eeml-2025\/\" target=\"_blank\" rel=\"noreferrer noopener\">Rolify<\/a><\/p>\n","protected":false},"excerpt":{"rendered":"<p>\ud83d\ude80 EEML 2025 sti\u017ee u Sarajevo! Ako si zaljubljenik u vje\u0161ta\u010dku inteligenciju i ma\u0161insko u\u010denje, 21\u201326. jul 2025. rezervi\u0161i u<\/p>\n","protected":false},"author":1,"featured_media":44970,"comment_status":"closed","ping_status":"open","sticky":false,"template":"","format":"standard","meta":{"om_disable_all_campaigns":false,"_monsterinsights_skip_tracking":false,"_monsterinsights_sitenote_active":false,"_monsterinsights_sitenote_note":"","_monsterinsights_sitenote_category":0,"footnotes":""},"categories":[4],"tags":[238,7247],"class_list":["post-44985","post","type-post","status-publish","format-standard","has-post-thumbnail","hentry","category-edukacija","tag-ljetna-skola","tag-vjestacka-inteligencija"],"jetpack_featured_media_url":"https:\/\/www.mladibl.com\/wp-content\/uploads\/2025\/03\/Prijavi-se-na-EEML-2025_-Prestizna-ljetna-skola-iz-oblasti-vjestacke-inteligencije.jpg","amp_enabled":true,"_links":{"self":[{"href":"https:\/\/www.mladibl.com\/index.php?rest_route=\/wp\/v2\/posts\/44985","targetHints":{"allow":["GET"]}}],"collection":[{"href":"https:\/\/www.mladibl.com\/index.php?rest_route=\/wp\/v2\/posts"}],"about":[{"href":"https:\/\/www.mladibl.com\/index.php?rest_route=\/wp\/v2\/types\/post"}],"author":[{"embeddable":true,"href":"https:\/\/www.mladibl.com\/index.php?rest_route=\/wp\/v2\/users\/1"}],"replies":[{"embeddable":true,"href":"https:\/\/www.mladibl.com\/index.php?rest_route=%2Fwp%2Fv2%2Fcomments&post=44985"}],"version-history":[{"count":1,"href":"https:\/\/www.mladibl.com\/index.php?rest_route=\/wp\/v2\/posts\/44985\/revisions"}],"predecessor-version":[{"id":44986,"href":"https:\/\/www.mladibl.com\/index.php?rest_route=\/wp\/v2\/posts\/44985\/revisions\/44986"}],"wp:featuredmedia":[{"embeddable":true,"href":"https:\/\/www.mladibl.com\/index.php?rest_route=\/wp\/v2\/media\/44970"}],"wp:attachment":[{"href":"https:\/\/www.mladibl.com\/index.php?rest_route=%2Fwp%2Fv2%2Fmedia&parent=44985"}],"wp:term":[{"taxonomy":"category","embeddable":true,"href":"https:\/\/www.mladibl.com\/index.php?rest_route=%2Fwp%2Fv2%2Fcategories&post=44985"},{"taxonomy":"post_tag","embeddable":true,"href":"https:\/\/www.mladibl.com\/index.php?rest_route=%2Fwp%2Fv2%2Ftags&post=44985"}],"curies":[{"name":"wp","href":"https:\/\/api.w.org\/{rel}","templated":true}]}}