{"id":44918,"date":"2025-03-07T09:56:08","date_gmt":"2025-03-07T07:56:08","guid":{"rendered":"https:\/\/www.mladibl.com\/?p=44918"},"modified":"2025-03-07T10:06:56","modified_gmt":"2025-03-07T08:06:56","slug":"poziv-za-razmjenu-studenata-u-italiji","status":"publish","type":"post","link":"https:\/\/www.mladibl.com\/?p=44918","title":{"rendered":"Poziv za razmjenu studenata u Italiji"},"content":{"rendered":"\n<p><strong>U okviru <\/strong><strong>IMP<\/strong><strong>&#8211;<\/strong><strong>ACCTS<\/strong> <strong>projekta otvoren je poziv za stipendije za razmjenu studenata i osoblja.<\/strong><\/p>\n\n\n\n<p>Pored Univerziteta u Sijeni, koji je koordinator ovog projekta, uklju\u010deni su i sljede\u0107i italijanski univerziteti: Univerzitet u Kaljariju, Univerzitet Milano-Bikoka i Univerzitet u Salentu.<\/p>\n\n\n\n<p><strong>Otvorene su prijave za sljede\u0107e vidove razmjene:<\/strong><\/p>\n\n\n\n<p>1. Studentska razmjena na prvom, drugom i tre\u0107em ciklusu<\/p>\n\n\n\n<ul class=\"wp-block-list\">\n<li>trajanje razmjene je do \u0161est (6) mjeseci,<\/li>\n\n\n\n<li>pokriveni su tro\u0161kovi smje\u0161taja i puta, u skladu sa Erazmus+ standardima,<\/li>\n\n\n\n<li>uve\u0107anje granta za sve studente koji ostvare minimum bodova (kredita) u Italiji.\u00a0 \u00a0 \u00a0 \u00a0 \u00a0 \u00a0 \u00a0 \u00a0 \u00a0 \u00a0 \u00a0 \u00a0 \u00a0 \u00a0 \u00a0 \u00a0 \u00a0 \u00a0 \u00a0 \u00a0<\/li>\n<\/ul>\n\n\n\n<p>2. Razmjene akademskog osoblja u svrhu istra\u017eivanja ili dr\u017eanja nastave<\/p>\n\n\n\n<ul class=\"wp-block-list\">\n<li>trajanje do tri (3) mjeseca,<\/li>\n\n\n\n<li>pokriveni su tro\u0161kovi smje\u0161taja i puta, u skladu sa Erazmus+ standardima,<\/li>\n\n\n\n<li>nastavno osoblje i istra\u017eiva\u010di mogu da predlo\u017ee nastavne i istra\u017eiva\u010dke projekte koji \u0107e biti evaluirani i mogu dobiti dodatne istra\u017eiva\u010dke i nastavne bodove.<\/li>\n<\/ul>\n\n\n\n<p>Kriterijumi prioriteta: pripadnici kulturnih manjina.&nbsp;<\/p>\n\n\n\n<p>Na konkurs se mogu prijaviti studenti i akademsko osoblje iz oblasti dru\u0161tvenih i pravnih nauka, kao i ra\u010dunasrtva, matematike i statistike, istorije, geografije, humanisti\u010dkih nauka (sve dok imaju vezu sa bezbjednosnom i\/ili ustavnom krizom), medicina i nauke o \u017eivotu (kao \u0161to su me\u0111unarodna profilaksa, bezbjednost hrane i sli\u010dno), a u skladu sa dostupnom akademskom ponudom partnerskih univerziteta.<\/p>\n\n\n\n<p>Rok za prijavu za studentske razmjene za zimski semestar akademske 2025\/26. godine je <strong>26. mart 2025. godine<\/strong>.<\/p>\n\n\n\n<p>Razmjena osoblja je mogu\u0107a do <strong>31. marta 2026. godine<\/strong>, pri \u010demu potpuna dokumentacija mora biti dostavljena partnerskom univerzitetu najranije 90 dana prije datuma realizacije razmjene.<\/p>\n\n\n\n<p>Prijave se dostavljaju u skladu sa uputstvom iz priloga na imejl-adresu: <a href=\"mailto:erasmus@unibl.org\">erasmus@unibl.org<\/a><\/p>\n\n\n\n<p><strong>Vi\u0161e detalja u vezi sa studentskim razmjenama mo\u017eete prona\u0107i u sljede\u0107im prilozima:<\/strong><\/p>\n\n\n\n<p><a href=\"https:\/\/unibl.org\/uploads\/files\/strane\/saradnja\/2025\/p1-poziv-studenti.pdf\" target=\"_blank\" rel=\"noreferrer noopener\">Prilog 1 &#8211; Poziv za studentske razmjene rilog 1<\/a><\/p>\n\n\n\n<p><a href=\"https:\/\/unibl.org\/uploads\/files\/strane\/saradnja\/2025\/p2-student.pdf\" target=\"_blank\" rel=\"noreferrer noopener\">Prilog 2 \u2013 Aneks A<\/a><\/p>\n\n\n\n<p><a href=\"https:\/\/unibl.org\/uploads\/files\/strane\/saradnja\/2025\/p3-student.pdf\" target=\"_blank\" rel=\"noreferrer noopener\">Prilog 3 \u2013 Aneks V<\/a><\/p>\n\n\n\n<p><a href=\"https:\/\/unibl.org\/uploads\/files\/strane\/saradnja\/2025\/p4-student.pdf\" target=\"_blank\" rel=\"noreferrer noopener\">Prilog 4 \u2013 Aneks S<\/a><\/p>\n\n\n\n<p><a href=\"https:\/\/unibl.org\/uploads\/files\/strane\/saradnja\/2025\/p5-student.pdf\" target=\"_blank\" rel=\"noreferrer noopener\">Prilog 5 \u2013 Aneks D<\/a><\/p>\n\n\n\n<p><strong>Vi\u0161e detalja u vezi sa razmjenama osoblja mo\u017eete prona\u0107i u sljede\u0107im prilozima:<\/strong><\/p>\n\n\n\n<p><a href=\"https:\/\/unibl.org\/uploads\/files\/strane\/saradnja\/2025\/p1-poziv-osoblje.pdf\" target=\"_blank\" rel=\"noreferrer noopener\">Prilog 1 \u2013 Poziv za razmjene osoblja<\/a><\/p>\n\n\n\n<p><a href=\"https:\/\/unibl.org\/uploads\/files\/strane\/saradnja\/2025\/p2-osoblje.pdf\" target=\"_blank\" rel=\"noreferrer noopener\">Prilog 2 \u2013 Aneks A<\/a><\/p>\n\n\n\n<p><a href=\"https:\/\/unibl.org\/uploads\/files\/strane\/saradnja\/2025\/p3-osoblje.pdf\" target=\"_blank\" rel=\"noreferrer noopener\">Prilog 3 \u2013 Aneks B<\/a><\/p>\n\n\n\n<p><a href=\"https:\/\/unibl.org\/uploads\/files\/strane\/saradnja\/2025\/p4-osoblje.pdf\" target=\"_blank\" rel=\"noreferrer noopener\">Prilog 4 \u2013 Aneks C<\/a><\/p>\n\n\n\n<p><a href=\"https:\/\/unibl.org\/uploads\/files\/strane\/saradnja\/2025\/p5-osoblje.pdf\" target=\"_blank\" rel=\"noreferrer noopener\">Prilog 5 \u2013 Aneks D<\/a><\/p>\n\n\n\n<figure class=\"wp-block-image size-large\"><img decoding=\"async\" src=\"https:\/\/unibl.org\/uploads\/attachment\/vest\/15293\/large_Flyer_to_Italy__1_.jpg\" alt=\"\"\/><\/figure>\n\n\n\n<p>Preuzeto sa: <a href=\"https:\/\/unibl.org\/sr-lat\/vesti\/2025\/03\/poziv-za-razmjenu-studenta-i-osoblja-u-italiji\" target=\"_blank\" rel=\"noreferrer noopener\">Univerzitet u Banjoj Luci<\/a><\/p>\n","protected":false},"excerpt":{"rendered":"<p>U okviru IMP&#8211;ACCTS projekta otvoren je poziv za stipendije za razmjenu studenata i osoblja. Pored Univerziteta u Sijeni, koji je<\/p>\n","protected":false},"author":1,"featured_media":44909,"comment_status":"closed","ping_status":"open","sticky":false,"template":"","format":"standard","meta":{"om_disable_all_campaigns":false,"_monsterinsights_skip_tracking":false,"_monsterinsights_sitenote_active":false,"_monsterinsights_sitenote_note":"","_monsterinsights_sitenote_category":0,"footnotes":""},"categories":[8692,13],"tags":[2902,2011,62],"class_list":["post-44918","post","type-post","status-publish","format-standard","has-post-thumbnail","hentry","category-izdvajamo","category-studenti","tag-italija","tag-razmjena","tag-studenti"],"jetpack_featured_media_url":"https:\/\/www.mladibl.com\/wp-content\/uploads\/2025\/03\/Italia-Domani.jpg","amp_enabled":true,"_links":{"self":[{"href":"https:\/\/www.mladibl.com\/index.php?rest_route=\/wp\/v2\/posts\/44918","targetHints":{"allow":["GET"]}}],"collection":[{"href":"https:\/\/www.mladibl.com\/index.php?rest_route=\/wp\/v2\/posts"}],"about":[{"href":"https:\/\/www.mladibl.com\/index.php?rest_route=\/wp\/v2\/types\/post"}],"author":[{"embeddable":true,"href":"https:\/\/www.mladibl.com\/index.php?rest_route=\/wp\/v2\/users\/1"}],"replies":[{"embeddable":true,"href":"https:\/\/www.mladibl.com\/index.php?rest_route=%2Fwp%2Fv2%2Fcomments&post=44918"}],"version-history":[{"count":1,"href":"https:\/\/www.mladibl.com\/index.php?rest_route=\/wp\/v2\/posts\/44918\/revisions"}],"predecessor-version":[{"id":44919,"href":"https:\/\/www.mladibl.com\/index.php?rest_route=\/wp\/v2\/posts\/44918\/revisions\/44919"}],"wp:featuredmedia":[{"embeddable":true,"href":"https:\/\/www.mladibl.com\/index.php?rest_route=\/wp\/v2\/media\/44909"}],"wp:attachment":[{"href":"https:\/\/www.mladibl.com\/index.php?rest_route=%2Fwp%2Fv2%2Fmedia&parent=44918"}],"wp:term":[{"taxonomy":"category","embeddable":true,"href":"https:\/\/www.mladibl.com\/index.php?rest_route=%2Fwp%2Fv2%2Fcategories&post=44918"},{"taxonomy":"post_tag","embeddable":true,"href":"https:\/\/www.mladibl.com\/index.php?rest_route=%2Fwp%2Fv2%2Ftags&post=44918"}],"curies":[{"name":"wp","href":"https:\/\/api.w.org\/{rel}","templated":true}]}}