{"id":44903,"date":"2025-03-07T02:36:48","date_gmt":"2025-03-07T00:36:48","guid":{"rendered":"https:\/\/www.mladibl.com\/?p=44903"},"modified":"2025-03-07T02:36:53","modified_gmt":"2025-03-07T00:36:53","slug":"ryanair-i-wizz-air-sire-mrezu-letova-iz-banjaluke-pogledajte-detaljan-pregled-promjena","status":"publish","type":"post","link":"https:\/\/www.mladibl.com\/?p=44903","title":{"rendered":"Ryanair i Wizz Air \u0161ire mre\u017eu letova iz Banjaluke: Pogledajte detaljan pregled promjena"},"content":{"rendered":"\n<p>Banjaluka \u0107e ovog ljeta zabilje\u017eiti zna\u010dajno pove\u0107anje broja letova zahvaljuju\u0107i poja\u010danom saobra\u0107aju njenih najve\u0107ih avio-prevoznika, Ryanaira i Wizz Aira. Izvor: Shutterstock<\/p>\n\n\n\n<p>Ryanair \u0107e u ljetnoj sezoni pove\u0107ati frekvenciju letova na nekoliko destinacija. Tako \u0107e linija za Baden Baden biti poja\u010dana sa dva na \u010detiri leta sedmi\u010dno, a linija za Gothenburg sa dva na \u010detiri leta od 6. juna.<\/p>\n\n\n\n<p>Linija za Stokholm \u0107e sa dva leta u prolje\u0107e biti pove\u0107ana na tri od 2. septembra. Broj letova za Be\u010d \u0107e varirati tokom sezone, sa pet letova u prolje\u0107e, \u010detiri od 26. maja i ponovo pet od 6. oktobra. Linije za Charleroi i Memmingen ostaju sa istim brojem letova kao i pro\u0161le godine, dva i sedam sedmi\u010dno, respektivno.<\/p>\n\n\n\n<p>Ukupno, Ryanair \u0107e u prolje\u0107e i jesen imati 25 letova sedmi\u010dno, a ljeti 23, \u0161to je pove\u0107anje u odnosu na pro\u0161lu godinu kada je imao 22 leta u prolje\u0107e i 20 ljeti.<\/p>\n\n\n\n<p>Wizz Air tako\u0111e poja\u010dava svoj ljetni red letenja. Linija za Bazel \u0107e sa tri leta u prolje\u0107e biti poja\u010dana na \u0161est od 23. maja, dok \u0107e linija za Dortmund biti poja\u010dana sa dva na tri leta sedmi\u010dno. Ukupno, Wizz Air \u0107e u prolje\u0107e imati \u0161est letova sedmi\u010dno, a ljeti devet, \u0161to je zna\u010dajno pove\u0107anje u odnosu na pro\u0161logodi\u0161nje \u010detiri leta u prolje\u0107e i ljeto.<\/p>\n\n\n\n<p>Ovo pove\u0107anje broja letova Ryanaira i Wizz Aira rezultira\u0107e sa pet letova vi\u0161e sedmi\u010dno u prolje\u0107e i osam letova vi\u0161e sedmi\u010dno u ljeto u odnosu na pro\u0161lu godinu, \u0161to se o\u010dekuje da \u0107e imati zna\u010dajan pozitivan uticaj na broj putnika na banjalu\u010dkom aerodromu.<\/p>\n\n\n\n<p>(<a target=\"_blank\" href=\"https:\/\/zamaaero.com\/06\/03\/2025\/novosti-iz-regije\/najave-banja-luka-povecava-broj-letova\/\" rel=\"noreferrer noopener\">Zamaaero<\/a>\/Mondo)<\/p>\n\n\n\n<p>Preuzeto sa: <a href=\"https:\/\/mondo.ba\/info\/Ekonomija\/a1366454\/ryanair-i-wizz-air-sire-mrezu-letova-iz-banjaluke.html\" target=\"_blank\" rel=\"noreferrer noopener\">Mondo<\/a><\/p>\n","protected":false},"excerpt":{"rendered":"<p>Banjaluka \u0107e ovog ljeta zabilje\u017eiti zna\u010dajno pove\u0107anje broja letova zahvaljuju\u0107i poja\u010danom saobra\u0107aju njenih najve\u0107ih avio-prevoznika, Ryanaira i Wizz Aira. Izvor:<\/p>\n","protected":false},"author":1,"featured_media":44912,"comment_status":"closed","ping_status":"open","sticky":false,"template":"","format":"standard","meta":{"om_disable_all_campaigns":false,"_monsterinsights_skip_tracking":false,"_monsterinsights_sitenote_active":false,"_monsterinsights_sitenote_note":"","_monsterinsights_sitenote_category":0,"footnotes":""},"categories":[2],"tags":[8052,3871,4399],"class_list":["post-44903","post","type-post","status-publish","format-standard","has-post-thumbnail","hentry","category-vijesti","tag-aerodrom-banja-luka","tag-ryanair","tag-wizz-air"],"jetpack_featured_media_url":"https:\/\/www.mladibl.com\/wp-content\/uploads\/2025\/03\/Ryanair-i-Wizz-Air-sire-mrezu-letova-iz-Banjaluke_-Pogledajte-detaljan-pregled-promjena.jpg","amp_enabled":true,"_links":{"self":[{"href":"https:\/\/www.mladibl.com\/index.php?rest_route=\/wp\/v2\/posts\/44903","targetHints":{"allow":["GET"]}}],"collection":[{"href":"https:\/\/www.mladibl.com\/index.php?rest_route=\/wp\/v2\/posts"}],"about":[{"href":"https:\/\/www.mladibl.com\/index.php?rest_route=\/wp\/v2\/types\/post"}],"author":[{"embeddable":true,"href":"https:\/\/www.mladibl.com\/index.php?rest_route=\/wp\/v2\/users\/1"}],"replies":[{"embeddable":true,"href":"https:\/\/www.mladibl.com\/index.php?rest_route=%2Fwp%2Fv2%2Fcomments&post=44903"}],"version-history":[{"count":1,"href":"https:\/\/www.mladibl.com\/index.php?rest_route=\/wp\/v2\/posts\/44903\/revisions"}],"predecessor-version":[{"id":44913,"href":"https:\/\/www.mladibl.com\/index.php?rest_route=\/wp\/v2\/posts\/44903\/revisions\/44913"}],"wp:featuredmedia":[{"embeddable":true,"href":"https:\/\/www.mladibl.com\/index.php?rest_route=\/wp\/v2\/media\/44912"}],"wp:attachment":[{"href":"https:\/\/www.mladibl.com\/index.php?rest_route=%2Fwp%2Fv2%2Fmedia&parent=44903"}],"wp:term":[{"taxonomy":"category","embeddable":true,"href":"https:\/\/www.mladibl.com\/index.php?rest_route=%2Fwp%2Fv2%2Fcategories&post=44903"},{"taxonomy":"post_tag","embeddable":true,"href":"https:\/\/www.mladibl.com\/index.php?rest_route=%2Fwp%2Fv2%2Ftags&post=44903"}],"curies":[{"name":"wp","href":"https:\/\/api.w.org\/{rel}","templated":true}]}}