{"id":44858,"date":"2025-03-05T08:53:38","date_gmt":"2025-03-05T06:53:38","guid":{"rendered":"https:\/\/www.mladibl.com\/?p=44858"},"modified":"2025-03-05T08:53:43","modified_gmt":"2025-03-05T06:53:43","slug":"seminar-zastita-intelektualnog-vlasnistva-u-bosni-i-hercegovini-i-inostranstvu","status":"publish","type":"post","link":"https:\/\/www.mladibl.com\/?p=44858","title":{"rendered":"Seminar: &#8220;Za\u0161tita intelektualnog vlasni\u0161tva u Bosni i Hercegovini i inostranstvu&#8221;"},"content":{"rendered":"\n<p><strong>Inovacioni Centar Banja Luka i Institut za intelektualno vlasni\u0161tvo Bosne i Hercegovine<\/strong><\/p>\n\n\n\n<p><strong>&nbsp;&nbsp;&nbsp;&nbsp; Vas pozivaju na seminar:<\/strong><\/p>\n\n\n\n<p><strong>&nbsp;\u201eZa\u0161tita intelektualnog vlasni\u0161tva u Bosni i Hercegovini i inostranstvu\u201c<\/strong><\/p>\n\n\n\n<p>koji \u0107e biti odr\u017ean u prostorijama Inovacionog Centra u Banjaluci<\/p>\n\n\n\n<p><strong>13.03.2025. godine<\/strong><\/p>\n\n\n\n<p>Intelektualno vlasni\u0161tvo je \u201eneopipljiva\u201c imovina, ali vrlo \u010desto najvrijednija imovina kompanije koju je potrebno kontinuirano unaprije\u0111ivati, ali i zakonski za\u0161tititi od potencijalnih zloupotreba. Imaju\u0107i u vidu zna\u010daj intelektualnog vlasni\u0161tva u dana\u0161njem poslovnom okru\u017eenju kao i potrebu podizanja svijesti o potrebi za\u0161tite istog, na seminaru \u0107e se prezentovati tematske cjeline koje se odnose na patente, \u017eigove, industrijski dizajn i autorska i srodna prava, te na uslugu Preddijagnostike intelektualnog vlasni\u0161tva, koju je Institut za intelektualno vlasni\u0161tvo odnedavno uveo kao bestplatnu uslugu za mala i srednja preduze\u0107a.<\/p>\n\n\n\n<p>Seminar o za\u0161titi intelektualne svojine namijenjen je privrednim subjektima, organizacijama za podr\u0161ku biznisu, kao i profesionalcima koji su zainteresovani za ovu oblast. Cilj je pru\u017eiti relevantna znanja i alate za efikasnu za\u0161titu i upravljanje intelektualnom svojinom u poslovnom i profesionalnom kontekstu.<\/p>\n\n\n\n<p><strong><em><u>U\u010de\u0161\u0107e na seminaru je besplatno<\/u><\/em>.<\/strong><\/p>\n\n\n\n<p><strong>Prijavu na seminar mo\u017eete izvr\u0161iti na <a href=\"https:\/\/docs.google.com\/forms\/d\/e\/1FAIpQLSdKfEz-Fp9d_AFjzDCAsy02FTKx6aBoS-pvOhB4BkgThL0lUg\/viewform\">slede\u0107em linku<\/a> najkasnije do <em><u>12.03.2025.<\/u><\/em><\/strong><\/p>\n\n\n\n<p><strong><a href=\"https:\/\/docs.google.com\/document\/d\/1hT9abyuMB7bigXyKyvo8SOdBMD1yU3BQ\/edit#heading=h.gjdgxs\">Agenda doga\u0111aja&nbsp;<\/a><\/strong><\/p>\n\n\n\n<p>Preuzeto sa: <a href=\"https:\/\/icbl.ba\/2025\/03\/03\/zastita-intelektualnog-vlasnistva-u-bosni-i-hercegovini-i-inostranstvu\/\" target=\"_blank\" rel=\"noreferrer noopener\">ICBL<\/a><\/p>\n","protected":false},"excerpt":{"rendered":"<p>Inovacioni Centar Banja Luka i Institut za intelektualno vlasni\u0161tvo Bosne i Hercegovine &nbsp;&nbsp;&nbsp;&nbsp; Vas pozivaju na seminar: &nbsp;\u201eZa\u0161tita intelektualnog vlasni\u0161tva<\/p>\n","protected":false},"author":1,"featured_media":44840,"comment_status":"closed","ping_status":"open","sticky":false,"template":"","format":"standard","meta":{"om_disable_all_campaigns":false,"_monsterinsights_skip_tracking":false,"_monsterinsights_sitenote_active":false,"_monsterinsights_sitenote_note":"","_monsterinsights_sitenote_category":0,"footnotes":""},"categories":[4],"tags":[1312,1404,1311],"class_list":["post-44858","post","type-post","status-publish","format-standard","has-post-thumbnail","hentry","category-edukacija","tag-intelektualno-vlasnistvo","tag-seminar","tag-zastita"],"jetpack_featured_media_url":"https:\/\/www.mladibl.com\/wp-content\/uploads\/2025\/03\/Zastita-intelektualnog-vlasnistva-u-Bosni-i-Hercegovini-i-inostranstvu.jpg","amp_enabled":true,"_links":{"self":[{"href":"https:\/\/www.mladibl.com\/index.php?rest_route=\/wp\/v2\/posts\/44858","targetHints":{"allow":["GET"]}}],"collection":[{"href":"https:\/\/www.mladibl.com\/index.php?rest_route=\/wp\/v2\/posts"}],"about":[{"href":"https:\/\/www.mladibl.com\/index.php?rest_route=\/wp\/v2\/types\/post"}],"author":[{"embeddable":true,"href":"https:\/\/www.mladibl.com\/index.php?rest_route=\/wp\/v2\/users\/1"}],"replies":[{"embeddable":true,"href":"https:\/\/www.mladibl.com\/index.php?rest_route=%2Fwp%2Fv2%2Fcomments&post=44858"}],"version-history":[{"count":1,"href":"https:\/\/www.mladibl.com\/index.php?rest_route=\/wp\/v2\/posts\/44858\/revisions"}],"predecessor-version":[{"id":44859,"href":"https:\/\/www.mladibl.com\/index.php?rest_route=\/wp\/v2\/posts\/44858\/revisions\/44859"}],"wp:featuredmedia":[{"embeddable":true,"href":"https:\/\/www.mladibl.com\/index.php?rest_route=\/wp\/v2\/media\/44840"}],"wp:attachment":[{"href":"https:\/\/www.mladibl.com\/index.php?rest_route=%2Fwp%2Fv2%2Fmedia&parent=44858"}],"wp:term":[{"taxonomy":"category","embeddable":true,"href":"https:\/\/www.mladibl.com\/index.php?rest_route=%2Fwp%2Fv2%2Fcategories&post=44858"},{"taxonomy":"post_tag","embeddable":true,"href":"https:\/\/www.mladibl.com\/index.php?rest_route=%2Fwp%2Fv2%2Ftags&post=44858"}],"curies":[{"name":"wp","href":"https:\/\/api.w.org\/{rel}","templated":true}]}}