{"id":44852,"date":"2025-03-05T08:46:45","date_gmt":"2025-03-05T06:46:45","guid":{"rendered":"https:\/\/www.mladibl.com\/?p=44852"},"modified":"2025-03-05T08:46:50","modified_gmt":"2025-03-05T06:46:50","slug":"za-zivot-zena-u-dom-omladine-posjetite-izlozbu-radova-korisnica-sigurne-kuce","status":"publish","type":"post","link":"https:\/\/www.mladibl.com\/?p=44852","title":{"rendered":"\u201eZa \u017eivot \u017eena\u201c: U Dom omladine posjetite izlo\u017ebu radova korisnica Sigurne ku\u0107e"},"content":{"rendered":"\n<p>Zainteresovani sugra\u0111ani od danas mogu da posjete izlo\u017ebu radova korisnica Sigurne ku\u0107e u Domu omladine i kupe ru\u010dno ra\u0111eni nakit. Ova aktivnost odr\u017eava se u okviru ovogodi\u0161nje kampanje \u201eZa \u017eivot \u017eena\u201c.<\/p>\n\n\n\n<p>Predstavnice Grada posjetile su izlo\u017ebu, a ovom prilikom projekt menad\u017eer Grada Milada \u0160ukalo uru\u010dila je za korisnice Sigurne ku\u0107e poklon karte za predstavu \u201e\u017denski orkestar\u201c, koja \u0107e biti odr\u017eana u subotu u Dom omladine.<\/p>\n\n\n\n<p>Ujedno je pozvala sugra\u0111ane da podr\u017ee kako ovu izlo\u017ebu, tako i druge aktivnosti koje \u0107e biti dio kampanje \u201eZa \u017eivot \u017eena\u201c, a \u010diji \u0107e program biti detaljno predstavljen sutra, 4. marta na konferenciji za novinare u Gradskoj upravi.<\/p>\n\n\n\n<p>Izlo\u017eba u Domu omladine je otvorena do 8. marta, u terminu od 11.00 do 17.00 \u010dasova.<\/p>\n\n\n\n<p>Preuzeto sa: <a href=\"https:\/\/www.banjaluka.rs.ba\/izlozba-radova-korisnica-sigurne-kuce\/\" target=\"_blank\" rel=\"noreferrer noopener\">Grad Banja Luka<\/a><\/p>\n","protected":false},"excerpt":{"rendered":"<p>Zainteresovani sugra\u0111ani od danas mogu da posjete izlo\u017ebu radova korisnica Sigurne ku\u0107e u Domu omladine i kupe ru\u010dno ra\u0111eni nakit.<\/p>\n","protected":false},"author":1,"featured_media":44843,"comment_status":"closed","ping_status":"open","sticky":false,"template":"","format":"standard","meta":{"om_disable_all_campaigns":false,"_monsterinsights_skip_tracking":false,"_monsterinsights_sitenote_active":false,"_monsterinsights_sitenote_note":"","_monsterinsights_sitenote_category":0,"footnotes":""},"categories":[2],"tags":[21,699,531,10072,8160],"class_list":["post-44852","post","type-post","status-publish","format-standard","has-post-thumbnail","hentry","category-vijesti","tag-dom-omladine","tag-izlozba","tag-radovi","tag-sigurna-kuca","tag-za-zivot-zena"],"jetpack_featured_media_url":"https:\/\/www.mladibl.com\/wp-content\/uploads\/2025\/03\/\u201eZa-zivot-zena_-U-Dom-omladine-posjetite-izlozbu-radova-korisnica-Sigurne-kuce.jpg","amp_enabled":true,"_links":{"self":[{"href":"https:\/\/www.mladibl.com\/index.php?rest_route=\/wp\/v2\/posts\/44852","targetHints":{"allow":["GET"]}}],"collection":[{"href":"https:\/\/www.mladibl.com\/index.php?rest_route=\/wp\/v2\/posts"}],"about":[{"href":"https:\/\/www.mladibl.com\/index.php?rest_route=\/wp\/v2\/types\/post"}],"author":[{"embeddable":true,"href":"https:\/\/www.mladibl.com\/index.php?rest_route=\/wp\/v2\/users\/1"}],"replies":[{"embeddable":true,"href":"https:\/\/www.mladibl.com\/index.php?rest_route=%2Fwp%2Fv2%2Fcomments&post=44852"}],"version-history":[{"count":1,"href":"https:\/\/www.mladibl.com\/index.php?rest_route=\/wp\/v2\/posts\/44852\/revisions"}],"predecessor-version":[{"id":44853,"href":"https:\/\/www.mladibl.com\/index.php?rest_route=\/wp\/v2\/posts\/44852\/revisions\/44853"}],"wp:featuredmedia":[{"embeddable":true,"href":"https:\/\/www.mladibl.com\/index.php?rest_route=\/wp\/v2\/media\/44843"}],"wp:attachment":[{"href":"https:\/\/www.mladibl.com\/index.php?rest_route=%2Fwp%2Fv2%2Fmedia&parent=44852"}],"wp:term":[{"taxonomy":"category","embeddable":true,"href":"https:\/\/www.mladibl.com\/index.php?rest_route=%2Fwp%2Fv2%2Fcategories&post=44852"},{"taxonomy":"post_tag","embeddable":true,"href":"https:\/\/www.mladibl.com\/index.php?rest_route=%2Fwp%2Fv2%2Ftags&post=44852"}],"curies":[{"name":"wp","href":"https:\/\/api.w.org\/{rel}","templated":true}]}}