{"id":44818,"date":"2025-03-04T12:12:30","date_gmt":"2025-03-04T10:12:30","guid":{"rendered":"https:\/\/www.mladibl.com\/?p=44818"},"modified":"2025-03-04T12:12:36","modified_gmt":"2025-03-04T10:12:36","slug":"mart-u-banskom-dvoru-program-ispunjen-vrhunskom-muzikom-knjizevnim-vecerima-i-pricama-koje-nadahnjuju","status":"publish","type":"post","link":"https:\/\/www.mladibl.com\/?p=44818","title":{"rendered":"Mart u Banskom dvoru: Program ispunjen vrhunskom muzikom, knji\u017eevnim ve\u010derima i pri\u010dama koje nadahnjuju"},"content":{"rendered":"\n<p>Mart u Banskom dvoru donosi bogat program ispunjen vrhunskom muzikom, knji\u017eevnim ve\u010derima i pri\u010dama koje nadahnjuju.<\/p>\n\n\n\n<p>Poru\u010dili su iz ove gradske ustanove kulture.<\/p>\n\n\n\n<p>Kako su naveli, kroz niz raznovrsnih doga\u0111aja, publika \u0107e imati priliku da u\u017eiva u umjetnosti u njenim najrazli\u010ditijim oblicima.<\/p>\n\n\n\n<p>Kompletan program Banskog dvora za mart pogledajte <a href=\"https:\/\/www.banjaluka.rs.ba\/wp-content\/uploads\/2025\/03\/PROGRAM-ZA-MJESEC-MART-2025.-GODINE.jpg\">OVDJE<\/a>.<\/p>\n\n\n\n<p>Preuzeto sa: <a href=\"https:\/\/www.banjaluka.rs.ba\/mart-2025-u-banskom-dvoru\/\" target=\"_blank\" rel=\"noreferrer noopener\">Grad Banja Luka<\/a><\/p>\n\n\n\n<p><\/p>\n","protected":false},"excerpt":{"rendered":"<p>Mart u Banskom dvoru donosi bogat program ispunjen vrhunskom muzikom, knji\u017eevnim ve\u010derima i pri\u010dama koje nadahnjuju. Poru\u010dili su iz ove<\/p>\n","protected":false},"author":1,"featured_media":44812,"comment_status":"closed","ping_status":"open","sticky":false,"template":"","format":"standard","meta":{"om_disable_all_campaigns":false,"_monsterinsights_skip_tracking":false,"_monsterinsights_sitenote_active":false,"_monsterinsights_sitenote_note":"","_monsterinsights_sitenote_category":0,"footnotes":""},"categories":[2],"tags":[881,3569,1102],"class_list":["post-44818","post","type-post","status-publish","format-standard","has-post-thumbnail","hentry","category-vijesti","tag-banski-dvor","tag-mart","tag-program"],"jetpack_featured_media_url":"https:\/\/www.mladibl.com\/wp-content\/uploads\/2025\/03\/Mart-u-Banskom-dvoru_-Program-ispunjen-vrhunskom-muzikom-knjizevnim-vecerima-i-pricama-koje-nadahnjuju.jpg","amp_enabled":true,"_links":{"self":[{"href":"https:\/\/www.mladibl.com\/index.php?rest_route=\/wp\/v2\/posts\/44818","targetHints":{"allow":["GET"]}}],"collection":[{"href":"https:\/\/www.mladibl.com\/index.php?rest_route=\/wp\/v2\/posts"}],"about":[{"href":"https:\/\/www.mladibl.com\/index.php?rest_route=\/wp\/v2\/types\/post"}],"author":[{"embeddable":true,"href":"https:\/\/www.mladibl.com\/index.php?rest_route=\/wp\/v2\/users\/1"}],"replies":[{"embeddable":true,"href":"https:\/\/www.mladibl.com\/index.php?rest_route=%2Fwp%2Fv2%2Fcomments&post=44818"}],"version-history":[{"count":1,"href":"https:\/\/www.mladibl.com\/index.php?rest_route=\/wp\/v2\/posts\/44818\/revisions"}],"predecessor-version":[{"id":44819,"href":"https:\/\/www.mladibl.com\/index.php?rest_route=\/wp\/v2\/posts\/44818\/revisions\/44819"}],"wp:featuredmedia":[{"embeddable":true,"href":"https:\/\/www.mladibl.com\/index.php?rest_route=\/wp\/v2\/media\/44812"}],"wp:attachment":[{"href":"https:\/\/www.mladibl.com\/index.php?rest_route=%2Fwp%2Fv2%2Fmedia&parent=44818"}],"wp:term":[{"taxonomy":"category","embeddable":true,"href":"https:\/\/www.mladibl.com\/index.php?rest_route=%2Fwp%2Fv2%2Fcategories&post=44818"},{"taxonomy":"post_tag","embeddable":true,"href":"https:\/\/www.mladibl.com\/index.php?rest_route=%2Fwp%2Fv2%2Ftags&post=44818"}],"curies":[{"name":"wp","href":"https:\/\/api.w.org\/{rel}","templated":true}]}}